{"id":13653,"date":"2017-12-28T11:07:55","date_gmt":"2017-12-28T10:07:55","guid":{"rendered":"http:\/\/www.messinaoggi.it\/website\/?p=13653"},"modified":"2017-12-28T11:07:55","modified_gmt":"2017-12-28T10:07:55","slug":"pte-di-novara-salvo-dal-1-gennaio-riprendera-il-servizio","status":"publish","type":"post","link":"https:\/\/www.messinaoggi.it\/website\/2017\/12\/28\/pte-di-novara-salvo-dal-1-gennaio-riprendera-il-servizio\/","title":{"rendered":"Pte di Novara salvo: dal 1\u00b0 gennaio riprender\u00e0 il servizio"},"content":{"rendered":"<p lang=\"it-IT\"><span style=\"color: #000000;\"><span style=\"font-family: Montserrat, sans-serif;\"><span style=\"font-size: medium;\">Sembrava essere destinato a chiudere i battenti dopo la sospensione del servizio avvenuta lo scorso 7 dicembre. Tuttavia la protesta immediatamente sollevata da parte delle associazioni di categoria, specie lo Snami, ha portato a un ripensamento dell&#8217;Asp, la quale ha rassicurato tutti che il servizio dell&#8217;ambulatorio del Presidio territoriale di emergenza (Pte) di Novara riprender\u00e0 ufficialmente a partire dal primo gennaio. A darne la conferma sono gli stessi dirigenti del Distretto di Barcellona, Adriana Pietrafitta e Massimo Bruno.<\/span><\/span><\/span><div id=\"div-gpt-ad-Messinaoggi.it-DSK-300x250-corpoart\" style=\"text-align:center;margin:0 auto;\"><\/div><\/p>\n<p lang=\"it-IT\"><span style=\"color: #000000;\"><span style=\"font-family: Montserrat, sans-serif;\"><span style=\"font-size: medium;\">Sulla base del provvedimento attuato dall&#8217;Asp nelle scorse settimane, frutto anche della riorganizzazione della rete ospedaliera siciliana, dopo la chiusura del Pte, programmata per il primo gennaio, i medici del 118 avrebbero potuto garantire solo il servizio di ambulanza. Detto in altre parole, sarebbe venuto meno il presidio fisso per i residenti del luogo. Ma cos\u00ec non sar\u00e0, per fortuna. Perch\u00e9 il Pte dal 1\u00b0 gennaio piuttosto che chiuderli li riaprir\u00e0 i battenti.<\/span><\/span><\/span><div id=\"videoincontent\" style=\"clear:both\";><\/div><\/p>\n","protected":false},"excerpt":{"rendered":"<p>Sembrava essere destinato a chiudere i battenti dopo la sospensione del servizio avvenuta lo scorso 7 dicembre. Tuttavia la protesta immediatamente sollevata da parte delle associazioni di categoria, specie lo Snami, ha portato a un ripensamento dell&#8217;Asp, la quale ha rassicurato tutti che il servizio dell&#8217;ambulatorio del Presidio territoriale di emergenza (Pte) di Novara riprender\u00e0 [&hellip;]<\/p>\n","protected":false},"author":10,"featured_media":2143,"comment_status":"closed","ping_status":"open","sticky":false,"template":"","format":"standard","meta":{"ub_ctt_via":"","_mi_skip_tracking":false},"categories":[13,14],"tags":[],"featured_image_src":"https:\/\/www.messinaoggi.it\/website\/wp-content\/uploads\/2017\/06\/118-ambulanza-2.jpg","author_info":{"display_name":"Paolo Mustica","author_link":"https:\/\/www.messinaoggi.it\/website\/author\/p-mustica\/"},"digistream_id":0,"digistream":false,"_links":{"self":[{"href":"https:\/\/www.messinaoggi.it\/website\/wp-json\/wp\/v2\/posts\/13653"}],"collection":[{"href":"https:\/\/www.messinaoggi.it\/website\/wp-json\/wp\/v2\/posts"}],"about":[{"href":"https:\/\/www.messinaoggi.it\/website\/wp-json\/wp\/v2\/types\/post"}],"author":[{"embeddable":true,"href":"https:\/\/www.messinaoggi.it\/website\/wp-json\/wp\/v2\/users\/10"}],"replies":[{"embeddable":true,"href":"https:\/\/www.messinaoggi.it\/website\/wp-json\/wp\/v2\/comments?post=13653"}],"version-history":[{"count":0,"href":"https:\/\/www.messinaoggi.it\/website\/wp-json\/wp\/v2\/posts\/13653\/revisions"}],"wp:featuredmedia":[{"embeddable":true,"href":"https:\/\/www.messinaoggi.it\/website\/wp-json\/wp\/v2\/media\/2143"}],"wp:attachment":[{"href":"https:\/\/www.messinaoggi.it\/website\/wp-json\/wp\/v2\/media?parent=13653"}],"wp:term":[{"taxonomy":"category","embeddable":true,"href":"https:\/\/www.messinaoggi.it\/website\/wp-json\/wp\/v2\/categories?post=13653"},{"taxonomy":"post_tag","embeddable":true,"href":"https:\/\/www.messinaoggi.it\/website\/wp-json\/wp\/v2\/tags?post=13653"}],"curies":[{"name":"wp","href":"https:\/\/api.w.org\/{rel}","templated":true}]}}