{"id":136513,"date":"2023-01-04T15:07:55","date_gmt":"2023-01-04T14:07:55","guid":{"rendered":"https:\/\/www.messinaoggi.it\/website\/2023\/01\/04\/autonomia-salvini-i-vantaggi-maggiori-per-i-cittadini-del-centro-sud\/"},"modified":"2023-01-04T15:07:55","modified_gmt":"2023-01-04T14:07:55","slug":"autonomia-salvini-i-vantaggi-maggiori-per-i-cittadini-del-centro-sud","status":"publish","type":"post","link":"https:\/\/www.messinaoggi.it\/website\/2023\/01\/04\/autonomia-salvini-i-vantaggi-maggiori-per-i-cittadini-del-centro-sud\/","title":{"rendered":"Autonomia, Salvini \u201cI vantaggi maggiori per i cittadini del Centro-Sud\u201d"},"content":{"rendered":"<div>TRENTO (ITALPRESS) &#8211; &#8220;E&#8217; curioso che alcune preoccupazioni sull&#8217;autonomia differenziata arrivino da coloro che difendono la Costituzione a 364 giorni all&#8217;anno, e poi quando qualcuno prova ad applicare quanto previsto in Costituzione, eccepiscono&#8221;. Cos\u00ec il vicepremier e ministro delle Infrastrutture e dei Trasporti Matteo Salvini, nel corso di una conferenza stampa a Trento. &#8220;E&#8217; un&#8217;autonomia migliorativa &#8211; ha aggiunto -, che d\u00e0 la possibilit\u00e0 a chi vuole gestire sul territorio un certo servizio spendendo di meno rendendo servizi migliori di poterlo fare. Al lavoro c&#8217;\u00e8 una persona seria e competente e quindi \u00e8 in buone mani. Il 2023 &#8211; ha proseguito Salvini &#8211; sar\u00e0 per ascoltare, stabilire i Lep, e penso che i vantaggi maggiori potranno essere per i cittadini del Centro e del Sud, perch\u00e8 in queste aree gli amministratori non avranno pi\u00f9 alibi se non saranno in grado di offrire determinati servizi&#8221;.<br \/>&#8220;Io penso &#8211; ha affermato ancora il ministro &#8211; che la stragrande maggioranza delle Regioni italiane dir\u00e0 di s\u00ec. I Paesi federali nel mondo sono quelli che crescono di pi\u00f9 e sprecano di meno. Arrivare a fine legislatura con una Repubblica federale e presidenziale \u00e8 giusto. I cittadini ci hanno scelto anche per questo&#8221;, ha poi concluso.<div id=\"div-gpt-ad-Messinaoggi.it-DSK-300x250-corpoart\" style=\"text-align:center;margin:0 auto;\"><\/div><\/p>\n<p>&#8211; foto Agenziafotogramma.it &#8211;<div id=\"videoincontent\" style=\"clear:both\";><\/div><\/p>\n<p>(ITALPRESS).<\/p><\/div>\n","protected":false},"excerpt":{"rendered":"<p>TRENTO (ITALPRESS) &#8211; &#8220;E&#8217; curioso che alcune preoccupazioni sull&#8217;autonomia differenziata arrivino da coloro che difendono la Costituzione a 364 giorni all&#8217;anno, e poi quando qualcuno prova ad applicare quanto previsto in Costituzione, eccepiscono&#8221;. Cos\u00ec il vicepremier e ministro delle Infrastrutture e dei Trasporti Matteo Salvini, nel corso di una conferenza stampa a Trento. &#8220;E&#8217; un&#8217;autonomia [&hellip;]<\/p>\n","protected":false},"author":18,"featured_media":136514,"comment_status":"closed","ping_status":"closed","sticky":false,"template":"","format":"standard","meta":{"ub_ctt_via":"","_mi_skip_tracking":false},"categories":[446],"tags":[783],"featured_image_src":"https:\/\/www.messinaoggi.it\/website\/wp-content\/uploads\/2023\/01\/20230104_0691.jpg","author_info":{"display_name":"Admin","author_link":"https:\/\/www.messinaoggi.it\/website\/author\/admin\/"},"digistream_id":0,"digistream":false,"_links":{"self":[{"href":"https:\/\/www.messinaoggi.it\/website\/wp-json\/wp\/v2\/posts\/136513"}],"collection":[{"href":"https:\/\/www.messinaoggi.it\/website\/wp-json\/wp\/v2\/posts"}],"about":[{"href":"https:\/\/www.messinaoggi.it\/website\/wp-json\/wp\/v2\/types\/post"}],"author":[{"embeddable":true,"href":"https:\/\/www.messinaoggi.it\/website\/wp-json\/wp\/v2\/users\/18"}],"replies":[{"embeddable":true,"href":"https:\/\/www.messinaoggi.it\/website\/wp-json\/wp\/v2\/comments?post=136513"}],"version-history":[{"count":0,"href":"https:\/\/www.messinaoggi.it\/website\/wp-json\/wp\/v2\/posts\/136513\/revisions"}],"wp:featuredmedia":[{"embeddable":true,"href":"https:\/\/www.messinaoggi.it\/website\/wp-json\/wp\/v2\/media\/136514"}],"wp:attachment":[{"href":"https:\/\/www.messinaoggi.it\/website\/wp-json\/wp\/v2\/media?parent=136513"}],"wp:term":[{"taxonomy":"category","embeddable":true,"href":"https:\/\/www.messinaoggi.it\/website\/wp-json\/wp\/v2\/categories?post=136513"},{"taxonomy":"post_tag","embeddable":true,"href":"https:\/\/www.messinaoggi.it\/website\/wp-json\/wp\/v2\/tags?post=136513"}],"curies":[{"name":"wp","href":"https:\/\/api.w.org\/{rel}","templated":true}]}}