{"id":136471,"date":"2023-01-04T10:08:25","date_gmt":"2023-01-04T09:08:25","guid":{"rendered":"https:\/\/www.messinaoggi.it\/website\/2023\/01\/04\/calderoli-una-bicamerale-sulle-riforme-solo-se-e-daccordo-anche-il-pd\/"},"modified":"2023-01-04T10:08:25","modified_gmt":"2023-01-04T09:08:25","slug":"calderoli-una-bicamerale-sulle-riforme-solo-se-e-daccordo-anche-il-pd","status":"publish","type":"post","link":"https:\/\/www.messinaoggi.it\/website\/2023\/01\/04\/calderoli-una-bicamerale-sulle-riforme-solo-se-e-daccordo-anche-il-pd\/","title":{"rendered":"Calderoli \u201cUna bicamerale sulle riforme solo se \u00e8 d\u2019accordo anche il Pd\u201d"},"content":{"rendered":"<div>MILANO (ITALPRESS) &#8211; &#8220;Nessuno pu\u00f2 azzardarsi di accusarmi di tradire la Costituzione sulla quale ho giurato, spaccare il Paese lo sarebbe. E allora o qualcuno mi trova un articolo, un comma, una riga nel mio testo di riforma dove emerge che il Sud viene danneggiato, o deve tacere. Le dico di pi\u00f9. Tradendo le mie origini bergamasche e lombarde, dopo aver sentito i presidenti Zaia e Fontana, mi sono messo a ragionare con la testa dall&#8217;altra parte. Del Sud. Perch\u00e8 sono convinto di una cosa: l&#8217;Italia \u00e8 un treno dove ogni vagone deve trasportare con la stessa capacit\u00e0 i passeggeri, e se alcuni vagoni diventano un peso, deraglia. Se si rafforza solo il Nord e non si aiuta il Sud a crescere, \u00e8 finita. Ed \u00e8 giusto che nel momento in cui abbiamo deciso di garantire i diritti civili e sociali a tutto il territorio sia il Nord il primo a metterci la faccia. Il mio spirito \u00e8 questo&#8221;. Lo afferma in una intervista al &#8220;Corriere della Sera&#8221; Roberto Calderoli, ministro per gli Affari regionali e le Autonomie, rispondendo alle accuse di voler &#8220;spaccare l&#8217;Italia&#8221; con la sua riforma per l&#8217;autonomia regionale. Nord contro Sud. <br \/>Quindi sulle proteste che arrivano dal Partito Democratico, Calderoli dice: &#8220;Sul Pd aspettiamo che facciano il loro congresso, adesso vedo troppa propaganda. Bonaccini contesta che anche istruzione e sanit\u00e0 possano essere materie oggetto del passaggio di competenze tra Stato e Regioni quando, nel 2018, le chiedeva per la sua Emilia-Romagna. Sul confronto, io ho avuto una interlocuzione continua e diretta con ogni governatore, ho partecipato a due conferenze, ho atteso il loro decalogo, ne ho tenuto conto. Ora ho trasmesso un testo al Cdm per l&#8217;approvazione preliminare, poi dovr\u00e0 essere varato. Non \u00e8 un decreto, ci vorr\u00e0 almeno un anno prima di definire i Lep, poi ci saranno le leggi attuative. Prima del 2024 almeno non cambier\u00e0 il mondo&#8221;. Infine sulla possibilit\u00e0 di una bicamerale, risponde: &#8220;Io non credo molto nello strumento, perch\u00e8 finora non ha funzionato, e se interpreto bene le parole del capo dello Stato mi pare che anche per lui la procedura del 138 sia pi\u00f9 aderente alla Costituzione. Comunque se si pensa ad una Bicamerale con poteri speciali prima verificherei bene le intenzioni dell&#8217;opposizione, almeno del Pd visto che su M5S e Sinistra non conto molto. Altrimenti meglio la procedura con l&#8217;articolo 138&#8221;.<div id=\"div-gpt-ad-Messinaoggi.it-DSK-300x250-corpoart\" style=\"text-align:center;margin:0 auto;\"><\/div><\/p>\n<p>foto: agenziafotogramma.it<div id=\"videoincontent\" style=\"clear:both\";><\/div><\/p>\n<p>(ITALPRESS).<\/p><\/div>\n","protected":false},"excerpt":{"rendered":"<p>MILANO (ITALPRESS) &#8211; &#8220;Nessuno pu\u00f2 azzardarsi di accusarmi di tradire la Costituzione sulla quale ho giurato, spaccare il Paese lo sarebbe. E allora o qualcuno mi trova un articolo, un comma, una riga nel mio testo di riforma dove emerge che il Sud viene danneggiato, o deve tacere. Le dico di pi\u00f9. Tradendo le mie [&hellip;]<\/p>\n","protected":false},"author":18,"featured_media":136472,"comment_status":"closed","ping_status":"closed","sticky":false,"template":"","format":"standard","meta":{"ub_ctt_via":"","_mi_skip_tracking":false},"categories":[446],"tags":[783],"featured_image_src":"https:\/\/www.messinaoggi.it\/website\/wp-content\/uploads\/2023\/01\/20230104_0098.jpg","author_info":{"display_name":"Admin","author_link":"https:\/\/www.messinaoggi.it\/website\/author\/admin\/"},"digistream_id":0,"digistream":false,"_links":{"self":[{"href":"https:\/\/www.messinaoggi.it\/website\/wp-json\/wp\/v2\/posts\/136471"}],"collection":[{"href":"https:\/\/www.messinaoggi.it\/website\/wp-json\/wp\/v2\/posts"}],"about":[{"href":"https:\/\/www.messinaoggi.it\/website\/wp-json\/wp\/v2\/types\/post"}],"author":[{"embeddable":true,"href":"https:\/\/www.messinaoggi.it\/website\/wp-json\/wp\/v2\/users\/18"}],"replies":[{"embeddable":true,"href":"https:\/\/www.messinaoggi.it\/website\/wp-json\/wp\/v2\/comments?post=136471"}],"version-history":[{"count":0,"href":"https:\/\/www.messinaoggi.it\/website\/wp-json\/wp\/v2\/posts\/136471\/revisions"}],"wp:featuredmedia":[{"embeddable":true,"href":"https:\/\/www.messinaoggi.it\/website\/wp-json\/wp\/v2\/media\/136472"}],"wp:attachment":[{"href":"https:\/\/www.messinaoggi.it\/website\/wp-json\/wp\/v2\/media?parent=136471"}],"wp:term":[{"taxonomy":"category","embeddable":true,"href":"https:\/\/www.messinaoggi.it\/website\/wp-json\/wp\/v2\/categories?post=136471"},{"taxonomy":"post_tag","embeddable":true,"href":"https:\/\/www.messinaoggi.it\/website\/wp-json\/wp\/v2\/tags?post=136471"}],"curies":[{"name":"wp","href":"https:\/\/api.w.org\/{rel}","templated":true}]}}