{"id":136431,"date":"2023-01-03T20:07:56","date_gmt":"2023-01-03T19:07:56","guid":{"rendered":"https:\/\/www.messinaoggi.it\/website\/2023\/01\/03\/corteo-funebre-per-le-vie-di-santos-ultimo-saluto-a-pele\/"},"modified":"2023-01-03T20:07:56","modified_gmt":"2023-01-03T19:07:56","slug":"corteo-funebre-per-le-vie-di-santos-ultimo-saluto-a-pele","status":"publish","type":"post","link":"https:\/\/www.messinaoggi.it\/website\/2023\/01\/03\/corteo-funebre-per-le-vie-di-santos-ultimo-saluto-a-pele\/","title":{"rendered":"Corteo funebre per le vie di Santos, ultimo saluto a Pel\u00e8"},"content":{"rendered":"<div>SANTOS (BRASILE) (ITALPRESS) &#8211; L&#8217;omaggio della grande folla prima dell&#8217;addio dei suoi cari. Il Brasile saluta Pel\u00e8. Sono stati oltre 150 mila gli appassionati che hanno voluto onorare l&#8217;ex campione brasiliano. Il feretro \u00e8 rimasto esposto 24 ore a Vila Belmiro, lo stadio del &#8220;suo&#8221; Santos, con diverse personalit\u00e0 che hanno voluto essere presenti: dal presidente Lula fino ai vertici del mondo del calcio, in primis Gianni Infantino che si \u00e8 ritrovato suo malgrado al centro di alcune polemiche social per un selfie a pochi passi dal feretro (&#8220;i compagni di squadra di Pel\u00e8 hanno chiesto di farne uno tutti insieme, non farei mai nulla che sia irrispettoso in alcun modo&#8221;, ha chiarito il numero uno della Fifa). Alla chiusura della bara \u00e8 poi seguito il corteo funebre che ha attraversato diverse zone della citt\u00e0, fino al toccante passaggio davanti alla casa di Dona Celeste, madre dell&#8217;ex numero 10 verdeoro. Poi l&#8217;arrivo al Memorial Necropole Ecumenica, cimitero verticale con vista su Vila Belmiro, con il funerale privato, riservato ai soli familiari. Ma anche chi non ha potuto essere presente ha voluto ricordare O&#8217;Rei anche oggi. &#8220;Il mondo \u00e8 in lutto &#8211; ha scritto sui social Magic Johnson che ha incontrato Pel\u00e8 nel 1995 -. I miei pensieri e le mie preghiere vanno a tutti coloro che lo amavano, alla sua famiglia, agli amici, agli ex compagni di squadra e ai fan di tutto il mondo&#8221;. Il nome di O&#8217;Rei, nell&#8217;attesa che la richiesta di Infantino di intitolargi uno stadio in ogni Paese venga accolta, si legher\u00e0 anche alla via che circonda il Maracana che diventer\u00e0 viale Pel\u00e8 o viale Re Pel\u00e8: saranno i tifosi a decidere su invito del primo cittadino di Rio de Janeiro, Eduardo Paes. Toccante anche la clip, corredata da una corona e dal simbolo dell&#8217;infinito, pubblicata dalla Conmebol in cui un padre racconta alla figlia la storia di un re che ha conquistato il mondo tre volte. &#8220;Edson Arantes do Nascimento sar\u00e0 sempre O&#8217;Rei do Futebol. Per sempre nei nostri cuori&#8221;.<br \/>\n&#8211; foto LivePhotoSport &#8211;<br \/>\n(ITALPRESS).<\/div>\n<div id=\"div-gpt-ad-Messinaoggi.it-DSK-300x250-corpoart\" style=\"text-align:center;margin:0 auto;\"><\/div><\/p><div id=\"videoincontent\" style=\"clear:both\";><\/div>","protected":false},"excerpt":{"rendered":"<p>SANTOS (BRASILE) (ITALPRESS) &#8211; L&#8217;omaggio della grande folla prima dell&#8217;addio dei suoi cari. Il Brasile saluta Pel\u00e8. Sono stati oltre 150 mila gli appassionati che hanno voluto onorare l&#8217;ex campione brasiliano. Il feretro \u00e8 rimasto esposto 24 ore a Vila Belmiro, lo stadio del &#8220;suo&#8221; Santos, con diverse personalit\u00e0 che hanno voluto essere presenti: dal [&hellip;]<\/p>\n","protected":false},"author":18,"featured_media":136432,"comment_status":"closed","ping_status":"closed","sticky":false,"template":"","format":"standard","meta":{"ub_ctt_via":"","_mi_skip_tracking":false},"categories":[446],"tags":[783],"featured_image_src":"https:\/\/www.messinaoggi.it\/website\/wp-content\/uploads\/2023\/01\/20230103_1656.jpg","author_info":{"display_name":"Admin","author_link":"https:\/\/www.messinaoggi.it\/website\/author\/admin\/"},"digistream_id":0,"digistream":false,"_links":{"self":[{"href":"https:\/\/www.messinaoggi.it\/website\/wp-json\/wp\/v2\/posts\/136431"}],"collection":[{"href":"https:\/\/www.messinaoggi.it\/website\/wp-json\/wp\/v2\/posts"}],"about":[{"href":"https:\/\/www.messinaoggi.it\/website\/wp-json\/wp\/v2\/types\/post"}],"author":[{"embeddable":true,"href":"https:\/\/www.messinaoggi.it\/website\/wp-json\/wp\/v2\/users\/18"}],"replies":[{"embeddable":true,"href":"https:\/\/www.messinaoggi.it\/website\/wp-json\/wp\/v2\/comments?post=136431"}],"version-history":[{"count":0,"href":"https:\/\/www.messinaoggi.it\/website\/wp-json\/wp\/v2\/posts\/136431\/revisions"}],"wp:featuredmedia":[{"embeddable":true,"href":"https:\/\/www.messinaoggi.it\/website\/wp-json\/wp\/v2\/media\/136432"}],"wp:attachment":[{"href":"https:\/\/www.messinaoggi.it\/website\/wp-json\/wp\/v2\/media?parent=136431"}],"wp:term":[{"taxonomy":"category","embeddable":true,"href":"https:\/\/www.messinaoggi.it\/website\/wp-json\/wp\/v2\/categories?post=136431"},{"taxonomy":"post_tag","embeddable":true,"href":"https:\/\/www.messinaoggi.it\/website\/wp-json\/wp\/v2\/tags?post=136431"}],"curies":[{"name":"wp","href":"https:\/\/api.w.org\/{rel}","templated":true}]}}