{"id":136424,"date":"2023-01-03T18:54:01","date_gmt":"2023-01-03T17:54:01","guid":{"rendered":"http:\/\/www.messinaoggi.it\/website\/?p=136424"},"modified":"2023-01-03T18:54:03","modified_gmt":"2023-01-03T17:54:03","slug":"camera-di-commercio-cisl-i-numeri-vanno-letti","status":"publish","type":"post","link":"https:\/\/www.messinaoggi.it\/website\/2023\/01\/03\/camera-di-commercio-cisl-i-numeri-vanno-letti\/","title":{"rendered":"Camera di Commercio, Cisl: &#8220;I numeri vanno letti&#8221;"},"content":{"rendered":"\n<p>\u00abFa piacere l\u2019attenzione di alcuni media sul rinnovo della Giunta camerale. Significa che si riconosce all\u2019Ente quel valore e quel ruolo propulsivo per lo sviluppo e l\u2019economia del territorio che noi della Cisl abbiamo sempre dato alla Camera di Commercio. Dispiace constatare, per\u00f2, che non si sanno leggere n\u00e9 i numeri n\u00e9 le dinamiche storiche e presenti\u00bb. A dirlo \u00e8 il segretario generale della Cisl Messina, Antonino Alibrandi, che commenta cos\u00ec il dato pubblicato da alcuni siti di informazione sull\u2019unico seggio da assegnare per la quota sindacale.\u00abAbbiamo tentato di crearequella sinergia tra sindacati che pu\u00f2 rappresentare solo un bene per la citt\u00e0, ma purtroppo non ci sono stati i presupposti \u2013 continua Alibrandi \u2013 mi piace ricordare come nelle scorse tornate solo la Cisl ha presentato istanza di partecipazione e per questo ha rappresentato i lavoratori. Questa volta, grazie all\u2019apparentamento che hanno concordato Cgil e Uil, sono finalmente riusciti a presentare istanza di partecipazione per l\u2019unico posto disponibile. Non abbiamo nessun problema e auguriamo loro, anzi, buon lavoro con la speranza che risolvano tutti i problemi della Camera di Commercio\u00bb.<br>Ma dall\u2019analisi dei dati riferiti lavoratori iscritti certificati la Cisl ha di che esultare e festeggiare. \u00abBasterebbe leggerli bene \u2013 sottolinea Alibrandi \u2013 come Cisl abbiamo 19.877 lavoratori iscritti certificati per una percentuale del 48,09% contro i 21.457 lavoratori iscritti certificati (51,91%) messi insieme da Cgil e Uil. Insieme, tutti e due sindacati. Quindi al di l\u00e0 di tutto, di certo la Cisl non rimane isolata ma attorniata dai tanti lavoratori tesserati al proprio sindacato e che la rendono prima organizzazione per numero iscritti. Tutto questo, per completezza di informazione dovuta alla citt\u00e0 e principalmente ai nostri iscritti\u00bb.<div id=\"div-gpt-ad-Messinaoggi.it-DSK-300x250-corpoart\" style=\"text-align:center;margin:0 auto;\"><\/div><\/p>\n\n\n\n<p>Tuttavia, la Cisl \u00e8 fuori dal Consiglio camerale.<div id=\"videoincontent\" style=\"clear:both\";><\/div><\/p>\n","protected":false},"excerpt":{"rendered":"<p>\u00abFa piacere l\u2019attenzione di alcuni media sul rinnovo della Giunta camerale. Significa che si riconosce all\u2019Ente quel valore e quel ruolo propulsivo per lo sviluppo e l\u2019economia del territorio che noi della Cisl abbiamo sempre dato alla Camera di Commercio. Dispiace constatare, per\u00f2, che non si sanno leggere n\u00e9 i numeri n\u00e9 le dinamiche storiche [&hellip;]<\/p>\n","protected":false},"author":2,"featured_media":135246,"comment_status":"open","ping_status":"open","sticky":false,"template":"","format":"standard","meta":{"ub_ctt_via":"","_mi_skip_tracking":false},"categories":[5],"tags":[1012,967,1758,141],"featured_image_src":"https:\/\/www.messinaoggi.it\/website\/wp-content\/uploads\/2022\/12\/Bilancio-Camera-Commercio.jpeg","author_info":{"display_name":"Redazione","author_link":"https:\/\/www.messinaoggi.it\/website\/author\/redazione\/"},"digistream_id":0,"digistream":false,"_links":{"self":[{"href":"https:\/\/www.messinaoggi.it\/website\/wp-json\/wp\/v2\/posts\/136424"}],"collection":[{"href":"https:\/\/www.messinaoggi.it\/website\/wp-json\/wp\/v2\/posts"}],"about":[{"href":"https:\/\/www.messinaoggi.it\/website\/wp-json\/wp\/v2\/types\/post"}],"author":[{"embeddable":true,"href":"https:\/\/www.messinaoggi.it\/website\/wp-json\/wp\/v2\/users\/2"}],"replies":[{"embeddable":true,"href":"https:\/\/www.messinaoggi.it\/website\/wp-json\/wp\/v2\/comments?post=136424"}],"version-history":[{"count":1,"href":"https:\/\/www.messinaoggi.it\/website\/wp-json\/wp\/v2\/posts\/136424\/revisions"}],"predecessor-version":[{"id":136425,"href":"https:\/\/www.messinaoggi.it\/website\/wp-json\/wp\/v2\/posts\/136424\/revisions\/136425"}],"wp:featuredmedia":[{"embeddable":true,"href":"https:\/\/www.messinaoggi.it\/website\/wp-json\/wp\/v2\/media\/135246"}],"wp:attachment":[{"href":"https:\/\/www.messinaoggi.it\/website\/wp-json\/wp\/v2\/media?parent=136424"}],"wp:term":[{"taxonomy":"category","embeddable":true,"href":"https:\/\/www.messinaoggi.it\/website\/wp-json\/wp\/v2\/categories?post=136424"},{"taxonomy":"post_tag","embeddable":true,"href":"https:\/\/www.messinaoggi.it\/website\/wp-json\/wp\/v2\/tags?post=136424"}],"curies":[{"name":"wp","href":"https:\/\/api.w.org\/{rel}","templated":true}]}}