{"id":136420,"date":"2023-01-03T18:48:01","date_gmt":"2023-01-03T17:48:01","guid":{"rendered":"https:\/\/www.messinaoggi.it\/website\/2023\/01\/03\/al-via-liter-per-la-realizzazione-del-nuovo-policlinico-di-palermo\/"},"modified":"2023-01-03T18:48:01","modified_gmt":"2023-01-03T17:48:01","slug":"al-via-liter-per-la-realizzazione-del-nuovo-policlinico-di-palermo","status":"publish","type":"post","link":"https:\/\/www.messinaoggi.it\/website\/2023\/01\/03\/al-via-liter-per-la-realizzazione-del-nuovo-policlinico-di-palermo\/","title":{"rendered":"Al via l\u2019iter per la realizzazione del nuovo Policlinico di Palermo"},"content":{"rendered":"<div>\n<p>PALERMO (ITALPRESS) \u2013 Primi passi concreti verso la realizzazione del nuovo Ospedale Policlinico di Palermo. Il progetto, sostenuto dal Rettore Massimo Midiri, ha trovato la piena disponibilit\u00e0 del Presidente della Regione Renato Schifani e del Commissario dell\u2019Azienda Ospedaliera Universitaria, Salvatore Iacolino. Questa mattina in un vertice a quattro, tenutosi alla Presidenza della Regione, presente anche il Presidente della Scuola di Medicina, Marcello Ciaccio, si \u00e8 convenuto di dar seguito all\u2019istruttoria per la realizzazione del nuovo Policlinico di Palermo utilizzando le risorse destinate all\u2019ammodernamento del patrimonio sanitario con i fondi di provenienza statale, ex art. 20 della legge 67\/88. In particolare, si tratta di 340 milioni, che in un primo tempo erano stati destinati alla realizzazione del \u201cPolicivico\u201d che prevedeva la fusione del Civico e del Policlinico, progetto che dovr\u00e0 essere rivisto alla luce dell\u2019incontro odierno, splittando le risorse in relazione alle nuove e distinte progettualit\u00e0, d\u2019intesa con il Ministero della Salute.<br \/>Nei prossimi giorni \u00e8 previsto l\u2019avvio delle procedure amministrative per l\u2019elaborazione del progetto, da realizzarsi in un\u2019area del campus di viale delle Scienze di propriet\u00e0 del Comune in prossimit\u00e0 degli svincoli dell\u2019autostrada, di un monoblocco di elevata qualit\u00e0 architettonica e tecnologica con circa 450 posti letto. Il progetto, che dovr\u00e0 essere condiviso con l\u2019amministrazione comunale di Palermo guidata da Roberto Lagalla, ricalcher\u00e0 il modello ipotizzato da Renzo Piano che prevede un ospedale complesso e plurifunzionale ad alto contenuto tecnologico e assistenziale, preposto non solo alla cura e all\u2019assistenza, alla diagnosi e alla terapia, ma anche alla ricerca e alla formazione. <br \/>\u201cE\u2019 un\u2019opportunit\u00e0 straordinaria per migliorare l\u2019assistenza sanitaria dell\u2019intera Sicilia. Avviata la macchina, occorrer\u00e0 vigilare su tempi e modalit\u00e0 di realizzazione di questo obiettivo strategico, privilegiando l\u2019integrazione Ospedale \u2013 Universit\u00e0, con un\u2019azione rapida, concreta e incisiva\u201d afferma Iacolino. <br \/>\u201cObiettivo ambizioso del progetto \u00e8 lo sviluppo ulteriore della ricerca e della didattica attraverso una struttura sanitaria che dal punto di vista tecnologico render\u00e0 sempre pi\u00f9 concrete le finalit\u00e0 istituzionali della sanit\u00e0 universitaria. Ringrazio il Presidente della Regione Renato Schifani \u2013 conclude il Magnifico Rettore \u2013 per aver dato immediato impulso ad una progettualit\u00e0 di cos\u00ec ampio respiro\u201d aggiunge il Rettore Massimo Midiri.<div id=\"div-gpt-ad-Messinaoggi.it-DSK-300x250-corpoart\" style=\"text-align:center;margin:0 auto;\"><\/div><\/p>\n<p>\u2013 foto: ufficio stampa Policlinico Palermo <div id=\"videoincontent\" style=\"clear:both\";><\/div><\/p>\n<p>(ITALPRESS).<\/p>\n<\/div>\n","protected":false},"excerpt":{"rendered":"<p>PALERMO (ITALPRESS) \u2013 Primi passi concreti verso la realizzazione del nuovo Ospedale Policlinico di Palermo. Il progetto, sostenuto dal Rettore Massimo Midiri, ha trovato la piena disponibilit\u00e0 del Presidente della Regione Renato Schifani e del Commissario dell\u2019Azienda Ospedaliera Universitaria, Salvatore Iacolino. Questa mattina in un vertice a quattro, tenutosi alla Presidenza della Regione, presente anche [&hellip;]<\/p>\n","protected":false},"author":18,"featured_media":136421,"comment_status":"closed","ping_status":"closed","sticky":false,"template":"","format":"standard","meta":{"ub_ctt_via":"","_mi_skip_tracking":false},"categories":[2449],"tags":[783],"featured_image_src":"https:\/\/www.messinaoggi.it\/website\/wp-content\/uploads\/2023\/01\/20230103_1578.jpg","author_info":{"display_name":"Admin","author_link":"https:\/\/www.messinaoggi.it\/website\/author\/admin\/"},"digistream_id":0,"digistream":false,"_links":{"self":[{"href":"https:\/\/www.messinaoggi.it\/website\/wp-json\/wp\/v2\/posts\/136420"}],"collection":[{"href":"https:\/\/www.messinaoggi.it\/website\/wp-json\/wp\/v2\/posts"}],"about":[{"href":"https:\/\/www.messinaoggi.it\/website\/wp-json\/wp\/v2\/types\/post"}],"author":[{"embeddable":true,"href":"https:\/\/www.messinaoggi.it\/website\/wp-json\/wp\/v2\/users\/18"}],"replies":[{"embeddable":true,"href":"https:\/\/www.messinaoggi.it\/website\/wp-json\/wp\/v2\/comments?post=136420"}],"version-history":[{"count":0,"href":"https:\/\/www.messinaoggi.it\/website\/wp-json\/wp\/v2\/posts\/136420\/revisions"}],"wp:featuredmedia":[{"embeddable":true,"href":"https:\/\/www.messinaoggi.it\/website\/wp-json\/wp\/v2\/media\/136421"}],"wp:attachment":[{"href":"https:\/\/www.messinaoggi.it\/website\/wp-json\/wp\/v2\/media?parent=136420"}],"wp:term":[{"taxonomy":"category","embeddable":true,"href":"https:\/\/www.messinaoggi.it\/website\/wp-json\/wp\/v2\/categories?post=136420"},{"taxonomy":"post_tag","embeddable":true,"href":"https:\/\/www.messinaoggi.it\/website\/wp-json\/wp\/v2\/tags?post=136420"}],"curies":[{"name":"wp","href":"https:\/\/api.w.org\/{rel}","templated":true}]}}