{"id":136418,"date":"2023-01-04T07:45:00","date_gmt":"2023-01-04T06:45:00","guid":{"rendered":"http:\/\/www.messinaoggi.it\/website\/?p=136418"},"modified":"2023-01-03T18:47:05","modified_gmt":"2023-01-03T17:47:05","slug":"il-grande-giorno-di-alberto-urso","status":"publish","type":"post","link":"https:\/\/www.messinaoggi.it\/website\/2023\/01\/04\/il-grande-giorno-di-alberto-urso\/","title":{"rendered":"Il &#8220;grande giorno&#8221; di Alberto Urso"},"content":{"rendered":"\n<p>E&#8217; il grande giorno del concerto di questa sera a piazza Duomo dell&#8217;artista messinese Alberto Urso. <div id=\"div-gpt-ad-Messinaoggi.it-DSK-300x250-corpoart\" style=\"text-align:center;margin:0 auto;\"><\/div><\/p>\n\n\n\n<p>Cr&#8217;\u00e8 tanta attesa in citt\u00e0 per un appuntamento atteso dai messinesi che, per la prima volta, potranno abbracciare in piazza l&#8217;artista di casa che si sta imponendo a livello mondiale.<div id=\"videoincontent\" style=\"clear:both\";><\/div><\/p>\n\n\n\n<figure class=\"wp-block-image size-large\"><img loading=\"lazy\" width=\"638\" height=\"357\" src=\"http:\/\/www.messinaoggi.it\/website\/wp-content\/uploads\/2019\/05\/alberto-urso.jpg\" alt=\"\" class=\"wp-image-33015\"\/><figcaption><strong><em>Alberto Urso alla finale di Amici<\/em><\/strong><\/figcaption><\/figure>\n\n\n\n<p>L&#8217;obiettivo di Palazzo Zanca \u00e8 quello di proseguire sulla scia dei successi dei concerti dei Negramaro, e della &#8220;Nuova Orchestra Italiana&#8221;. Si attende anche domani sera il pubblico delle grandi occasioni.<\/p>\n\n\n\n<p>Intanto, si \u00e8 gi\u00e0 messa in moto la macchina organizzativa dell&#8217;evento di domani sera, quando piazza Duomo sar\u00e0 invasa soprattutto dalle teenager che non vedono l&#8217;ora di poter vedere dal vivo il proprio concittadino, protagonista della trasmissione televisiva &#8220;Amici&#8221; di qualche stagione addietro.<\/p>\n\n\n\n<p>Si \u00e8 trattato per Alberto Urso un trampolino di lancio verso un successo che adesso sta riscuotendo a livello mondiale. <\/p>\n","protected":false},"excerpt":{"rendered":"<p>E&#8217; il grande giorno del concerto di questa sera a piazza Duomo dell&#8217;artista messinese Alberto Urso. Cr&#8217;\u00e8 tanta attesa in citt\u00e0 per un appuntamento atteso dai messinesi che, per la prima volta, potranno abbracciare in piazza l&#8217;artista di casa che si sta imponendo a livello mondiale. L&#8217;obiettivo di Palazzo Zanca \u00e8 quello di proseguire sulla [&hellip;]<\/p>\n","protected":false},"author":2,"featured_media":33217,"comment_status":"open","ping_status":"open","sticky":false,"template":"","format":"standard","meta":{"ub_ctt_via":"","_mi_skip_tracking":false},"categories":[6],"tags":[5857,6215,171],"featured_image_src":"https:\/\/www.messinaoggi.it\/website\/wp-content\/uploads\/2019\/05\/C2D4C1C0-5E58-4995-8153-F162B75476F8.jpeg","author_info":{"display_name":"Redazione","author_link":"https:\/\/www.messinaoggi.it\/website\/author\/redazione\/"},"digistream_id":0,"digistream":false,"_links":{"self":[{"href":"https:\/\/www.messinaoggi.it\/website\/wp-json\/wp\/v2\/posts\/136418"}],"collection":[{"href":"https:\/\/www.messinaoggi.it\/website\/wp-json\/wp\/v2\/posts"}],"about":[{"href":"https:\/\/www.messinaoggi.it\/website\/wp-json\/wp\/v2\/types\/post"}],"author":[{"embeddable":true,"href":"https:\/\/www.messinaoggi.it\/website\/wp-json\/wp\/v2\/users\/2"}],"replies":[{"embeddable":true,"href":"https:\/\/www.messinaoggi.it\/website\/wp-json\/wp\/v2\/comments?post=136418"}],"version-history":[{"count":1,"href":"https:\/\/www.messinaoggi.it\/website\/wp-json\/wp\/v2\/posts\/136418\/revisions"}],"predecessor-version":[{"id":136419,"href":"https:\/\/www.messinaoggi.it\/website\/wp-json\/wp\/v2\/posts\/136418\/revisions\/136419"}],"wp:featuredmedia":[{"embeddable":true,"href":"https:\/\/www.messinaoggi.it\/website\/wp-json\/wp\/v2\/media\/33217"}],"wp:attachment":[{"href":"https:\/\/www.messinaoggi.it\/website\/wp-json\/wp\/v2\/media?parent=136418"}],"wp:term":[{"taxonomy":"category","embeddable":true,"href":"https:\/\/www.messinaoggi.it\/website\/wp-json\/wp\/v2\/categories?post=136418"},{"taxonomy":"post_tag","embeddable":true,"href":"https:\/\/www.messinaoggi.it\/website\/wp-json\/wp\/v2\/tags?post=136418"}],"curies":[{"name":"wp","href":"https:\/\/api.w.org\/{rel}","templated":true}]}}