{"id":13638,"date":"2017-12-28T09:49:01","date_gmt":"2017-12-28T08:49:01","guid":{"rendered":"http:\/\/www.messinaoggi.it\/website\/?p=13638"},"modified":"2017-12-28T09:49:01","modified_gmt":"2017-12-28T08:49:01","slug":"ars-amata-in-commissione-sanita-insieme-a-de-domenico-difendero-un-diritto-troppo-spesso-mortificato","status":"publish","type":"post","link":"https:\/\/www.messinaoggi.it\/website\/2017\/12\/28\/ars-amata-in-commissione-sanita-insieme-a-de-domenico-difendero-un-diritto-troppo-spesso-mortificato\/","title":{"rendered":"Ars, Amata in commissione Sanit\u00e0 insieme a De Domenico: &quot;Difender\u00f2 un diritto troppo spesso mortificato&quot;"},"content":{"rendered":"<p> <div id=\"div-gpt-ad-Messinaoggi.it-DSK-300x250-corpoart\" style=\"text-align:center;margin:0 auto;\"><\/div><\/p>\n<p style=\"text-align: justify;\">La nostra citt\u00e0 ha recitato pi\u00f9 volte il ruolo di Cenerentola nel settore della sanit\u00e0, ma adesso ha una chance in pi\u00f9. I messinesi Elvira Amata e Franco De Domenico, saranno infatti presenti all\u2019interno della commissione Sanit\u00e0 dell\u2019Ars.<div id=\"videoincontent\" style=\"clear:both\";><\/div><\/p>\n<p style=\"text-align: justify;\">Un ruolo di grande prestigio che l\u2019esponente di Fratelli d\u2019Italia sottolinea cos\u00ec: <em>\u201cQuello alla salute \u00e8 uno dei diritti maggiormente mortificato nel nostro Paese e la Sicilia non fa eccezione come spesso abbiamo avuto modo di toccare con mano direttamente e indirettamente. Da parlamentare e da addetta ai lavori -continua la Amata, biologa e gi\u00e0 assessore con delega alla sanit\u00e0 del Comune di Messina- far\u00f2 del mio meglio per portare il mio knowhow e le istanze della gente nella sede idonea. Credo fortemente che un\u2019altra Sicilia sia possibile; compresa un\u2019altra sanit\u00e0: migliore, che premi le eccellenze e valorizzi le potenzialit\u00e0, mettendo al centro sempre e prima di tutto il paziente. Una sanit\u00e0 verso cui la politica guarda con l\u2019obbligo di risolverne le falle e i deficit non certo come potenziale bacino di consensi. Fratelli d\u2019Italia ha un quadro chiaro sull\u2019esigenza di snellire, sburocratizzare, semplificare la vita dei cittadini: siamo qui per questo\u201d.<\/em><\/p>\n","protected":false},"excerpt":{"rendered":"<p>La nostra citt\u00e0 ha recitato pi\u00f9 volte il ruolo di Cenerentola nel settore della sanit\u00e0, ma adesso ha una chance in pi\u00f9. I messinesi Elvira Amata e Franco De Domenico, saranno infatti presenti all\u2019interno della commissione Sanit\u00e0 dell\u2019Ars. Un ruolo di grande prestigio che l\u2019esponente di Fratelli d\u2019Italia sottolinea cos\u00ec: \u201cQuello alla salute \u00e8 uno [&hellip;]<\/p>\n","protected":false},"author":2,"featured_media":1680,"comment_status":"closed","ping_status":"open","sticky":false,"template":"","format":"standard","meta":{"ub_ctt_via":"","_mi_skip_tracking":false},"categories":[6],"tags":[],"featured_image_src":"https:\/\/www.messinaoggi.it\/website\/wp-content\/uploads\/2017\/06\/Amata-1-2.jpg","author_info":{"display_name":"Redazione","author_link":"https:\/\/www.messinaoggi.it\/website\/author\/redazione\/"},"digistream_id":0,"digistream":false,"_links":{"self":[{"href":"https:\/\/www.messinaoggi.it\/website\/wp-json\/wp\/v2\/posts\/13638"}],"collection":[{"href":"https:\/\/www.messinaoggi.it\/website\/wp-json\/wp\/v2\/posts"}],"about":[{"href":"https:\/\/www.messinaoggi.it\/website\/wp-json\/wp\/v2\/types\/post"}],"author":[{"embeddable":true,"href":"https:\/\/www.messinaoggi.it\/website\/wp-json\/wp\/v2\/users\/2"}],"replies":[{"embeddable":true,"href":"https:\/\/www.messinaoggi.it\/website\/wp-json\/wp\/v2\/comments?post=13638"}],"version-history":[{"count":0,"href":"https:\/\/www.messinaoggi.it\/website\/wp-json\/wp\/v2\/posts\/13638\/revisions"}],"wp:featuredmedia":[{"embeddable":true,"href":"https:\/\/www.messinaoggi.it\/website\/wp-json\/wp\/v2\/media\/1680"}],"wp:attachment":[{"href":"https:\/\/www.messinaoggi.it\/website\/wp-json\/wp\/v2\/media?parent=13638"}],"wp:term":[{"taxonomy":"category","embeddable":true,"href":"https:\/\/www.messinaoggi.it\/website\/wp-json\/wp\/v2\/categories?post=13638"},{"taxonomy":"post_tag","embeddable":true,"href":"https:\/\/www.messinaoggi.it\/website\/wp-json\/wp\/v2\/tags?post=13638"}],"curies":[{"name":"wp","href":"https:\/\/api.w.org\/{rel}","templated":true}]}}