{"id":136314,"date":"2023-01-03T10:05:14","date_gmt":"2023-01-03T09:05:14","guid":{"rendered":"http:\/\/www.messinaoggi.it\/website\/?p=136314"},"modified":"2023-01-03T10:05:15","modified_gmt":"2023-01-03T09:05:15","slug":"estate-addosso-i-giovani-non-ci-hanno-pagato","status":"publish","type":"post","link":"https:\/\/www.messinaoggi.it\/website\/2023\/01\/03\/estate-addosso-i-giovani-non-ci-hanno-pagato\/","title":{"rendered":"&#8220;Estate addosso&#8221;, i giovani: &#8220;Non ci hanno pagato&#8221;"},"content":{"rendered":"\n<p>Aspettano seicento euro da mesi e speravano di poterli avere in tasca per le feste di Natale. Nulla di tutto questo. Adesso i giovani del progetto varato dall&#8217;amministrazione comunale, che ha visto il coinvolgimento di giovani studenti, iniziano a lamentarsi. Anche pubblicamente, utilizzando i Social media.<div id=\"div-gpt-ad-Messinaoggi.it-DSK-300x250-corpoart\" style=\"text-align:center;margin:0 auto;\"><\/div><\/p>\n\n\n\n<p>Ci ha scritto uno dei ragazzi che non \u00e8 pi\u00f9 disposto ad aspettare. Attende risposte da Palazzo Zanca perch\u00e9 quei soldi rappresentano qualcosa di importante per chi aveva anche fatto qualche piccolo progetto. <div id=\"videoincontent\" style=\"clear:both\";><\/div><\/p>\n\n\n\n<p>Ecco uno stralcio di un messaggio inviato al nostro giornale.<\/p>\n\n\n\n<p>&#8220;Sembra una presa in giro e una persona arriva a dire basta, ma soprattutto basta nel sentirsi dire le stesse parole, scaricando la colpa ad altre persone che a loro volta la scaricano ad altri. Un progetto come questo quando lo fanno partire sappiamo tutti bene che i fondi sono presenti nelle casse ovviamente per pagare chi offre un servizio, perch\u00e9 noi ragazzi abbiamo fatto molto sacrifici e soprattutto molto lavoro per guadagnarsi quelle 600 \u20ac (come me che andavo a scuola e poi facevo cinque ore l\u00ec) come molti altri . Non so pi\u00f9 a chi riporre le mie speranze, proviamo a chiamare e nessuno risponde addirittura staccano&#8221;<\/p>\n","protected":false},"excerpt":{"rendered":"<p>Aspettano seicento euro da mesi e speravano di poterli avere in tasca per le feste di Natale. Nulla di tutto questo. Adesso i giovani del progetto varato dall&#8217;amministrazione comunale, che ha visto il coinvolgimento di giovani studenti, iniziano a lamentarsi. Anche pubblicamente, utilizzando i Social media. Ci ha scritto uno dei ragazzi che non \u00e8 [&hellip;]<\/p>\n","protected":false},"author":2,"featured_media":129836,"comment_status":"open","ping_status":"open","sticky":false,"template":"","format":"standard","meta":{"ub_ctt_via":"","_mi_skip_tracking":false},"categories":[5],"tags":[6192,30,6193,6194],"featured_image_src":"https:\/\/www.messinaoggi.it\/website\/wp-content\/uploads\/2022\/11\/palazzo-zanca-blu-768x577-1.jpg","author_info":{"display_name":"Redazione","author_link":"https:\/\/www.messinaoggi.it\/website\/author\/redazione\/"},"digistream_id":0,"digistream":false,"_links":{"self":[{"href":"https:\/\/www.messinaoggi.it\/website\/wp-json\/wp\/v2\/posts\/136314"}],"collection":[{"href":"https:\/\/www.messinaoggi.it\/website\/wp-json\/wp\/v2\/posts"}],"about":[{"href":"https:\/\/www.messinaoggi.it\/website\/wp-json\/wp\/v2\/types\/post"}],"author":[{"embeddable":true,"href":"https:\/\/www.messinaoggi.it\/website\/wp-json\/wp\/v2\/users\/2"}],"replies":[{"embeddable":true,"href":"https:\/\/www.messinaoggi.it\/website\/wp-json\/wp\/v2\/comments?post=136314"}],"version-history":[{"count":1,"href":"https:\/\/www.messinaoggi.it\/website\/wp-json\/wp\/v2\/posts\/136314\/revisions"}],"predecessor-version":[{"id":136315,"href":"https:\/\/www.messinaoggi.it\/website\/wp-json\/wp\/v2\/posts\/136314\/revisions\/136315"}],"wp:featuredmedia":[{"embeddable":true,"href":"https:\/\/www.messinaoggi.it\/website\/wp-json\/wp\/v2\/media\/129836"}],"wp:attachment":[{"href":"https:\/\/www.messinaoggi.it\/website\/wp-json\/wp\/v2\/media?parent=136314"}],"wp:term":[{"taxonomy":"category","embeddable":true,"href":"https:\/\/www.messinaoggi.it\/website\/wp-json\/wp\/v2\/categories?post=136314"},{"taxonomy":"post_tag","embeddable":true,"href":"https:\/\/www.messinaoggi.it\/website\/wp-json\/wp\/v2\/tags?post=136314"}],"curies":[{"name":"wp","href":"https:\/\/api.w.org\/{rel}","templated":true}]}}