{"id":136250,"date":"2023-01-02T17:17:50","date_gmt":"2023-01-02T16:17:50","guid":{"rendered":"https:\/\/www.messinaoggi.it\/website\/2023\/01\/02\/concertone-di-capodanno-a-palermo-lagalla-ha-segnato-linizio-della-rinascita\/"},"modified":"2023-01-02T17:17:50","modified_gmt":"2023-01-02T16:17:50","slug":"concertone-di-capodanno-a-palermo-lagalla-ha-segnato-linizio-della-rinascita","status":"publish","type":"post","link":"https:\/\/www.messinaoggi.it\/website\/2023\/01\/02\/concertone-di-capodanno-a-palermo-lagalla-ha-segnato-linizio-della-rinascita\/","title":{"rendered":"Concertone di Capodanno a Palermo, Lagalla \u201cHa segnato l\u2019inizio della rinascita\u201d"},"content":{"rendered":"<div>\n<p>PALERMO (ITALPRESS) \u2013 \u201cLo spettacolo di Capodanno ha riacceso Palermo e ha segnato l\u2019inizio di un anno all\u2019insegna del cambiamento e della rinascita, soprattutto dopo la lunga pausa legata alla pandemia. Un successo che \u00e8 frutto di mesi di duro lavoro e del grande impegno dell\u2019Assessorato alle culture e dell\u2019Amministrazione tutta\u201d. Cos\u00ec il sindaco di Palermo, Roberto Lagalla, che aggiunge: \u201cAbbiamo gi\u00e0 dimostrato di poter cambiare la citt\u00e0 ed \u00e8 con perseveranza e coerenza che affronteremo tutto il 2023. Per questa grande festa, che ci ha permesso di accogliere il nuovo anno in piazza Politeama, il mio ringraziamento va agli artisti e agli organizzatori della manifestazione. Un plauso particolare alle Forze dell\u2019ordine, alla Questura e alla Prefettura, ai Carabinieri, ai Vigili del fuoco, alla Protezione Civile, alla Croce Rossa, alla Polizia Municipale, che hanno fatto s\u00ec che lo spettacolo si svolgesse in sicurezza. E ancora grazie ai tanti Uffici comunali e alle partecipate, che hanno reso possibile questo momento di allegria e spensieratezza. Alla Rap, in modo particolare, che ha gestito in modo efficiente il servizio di pulizia, consentendo alla citt\u00e0 di svegliarsi all\u2019indomani del concerto con la piazza pulita. E, infine, ringrazio le migliaia di cittadine e di cittadini palermitani, che hanno assistito allo spettacolo con grande compostezza: a loro principalmente va il mio pi\u00f9 sincero augurio di buon anno\u201d, conclude il sindaco Lagalla.<br \/>credit photo agenziafotogramma.it<br \/>(ITALPRESS).<div id=\"div-gpt-ad-Messinaoggi.it-DSK-300x250-corpoart\" style=\"text-align:center;margin:0 auto;\"><\/div><\/p>\n<\/div>\n<div id=\"videoincontent\" style=\"clear:both\";><\/div>","protected":false},"excerpt":{"rendered":"<p>PALERMO (ITALPRESS) \u2013 \u201cLo spettacolo di Capodanno ha riacceso Palermo e ha segnato l\u2019inizio di un anno all\u2019insegna del cambiamento e della rinascita, soprattutto dopo la lunga pausa legata alla pandemia. Un successo che \u00e8 frutto di mesi di duro lavoro e del grande impegno dell\u2019Assessorato alle culture e dell\u2019Amministrazione tutta\u201d. Cos\u00ec il sindaco di [&hellip;]<\/p>\n","protected":false},"author":18,"featured_media":136251,"comment_status":"closed","ping_status":"closed","sticky":false,"template":"","format":"standard","meta":{"ub_ctt_via":"","_mi_skip_tracking":false},"categories":[2449],"tags":[783],"featured_image_src":"https:\/\/www.messinaoggi.it\/website\/wp-content\/uploads\/2023\/01\/20230102_1055.jpg","author_info":{"display_name":"Admin","author_link":"https:\/\/www.messinaoggi.it\/website\/author\/admin\/"},"digistream_id":0,"digistream":false,"_links":{"self":[{"href":"https:\/\/www.messinaoggi.it\/website\/wp-json\/wp\/v2\/posts\/136250"}],"collection":[{"href":"https:\/\/www.messinaoggi.it\/website\/wp-json\/wp\/v2\/posts"}],"about":[{"href":"https:\/\/www.messinaoggi.it\/website\/wp-json\/wp\/v2\/types\/post"}],"author":[{"embeddable":true,"href":"https:\/\/www.messinaoggi.it\/website\/wp-json\/wp\/v2\/users\/18"}],"replies":[{"embeddable":true,"href":"https:\/\/www.messinaoggi.it\/website\/wp-json\/wp\/v2\/comments?post=136250"}],"version-history":[{"count":0,"href":"https:\/\/www.messinaoggi.it\/website\/wp-json\/wp\/v2\/posts\/136250\/revisions"}],"wp:featuredmedia":[{"embeddable":true,"href":"https:\/\/www.messinaoggi.it\/website\/wp-json\/wp\/v2\/media\/136251"}],"wp:attachment":[{"href":"https:\/\/www.messinaoggi.it\/website\/wp-json\/wp\/v2\/media?parent=136250"}],"wp:term":[{"taxonomy":"category","embeddable":true,"href":"https:\/\/www.messinaoggi.it\/website\/wp-json\/wp\/v2\/categories?post=136250"},{"taxonomy":"post_tag","embeddable":true,"href":"https:\/\/www.messinaoggi.it\/website\/wp-json\/wp\/v2\/tags?post=136250"}],"curies":[{"name":"wp","href":"https:\/\/api.w.org\/{rel}","templated":true}]}}