{"id":136237,"date":"2023-01-02T15:06:14","date_gmt":"2023-01-02T14:06:14","guid":{"rendered":"http:\/\/www.messinaoggi.it\/website\/?p=136237"},"modified":"2023-01-02T15:06:15","modified_gmt":"2023-01-02T14:06:15","slug":"tamponi-chiude-il-palarescifina","status":"publish","type":"post","link":"https:\/\/www.messinaoggi.it\/website\/2023\/01\/02\/tamponi-chiude-il-palarescifina\/","title":{"rendered":"Tamponi, chiude il Palarescifina"},"content":{"rendered":"\n<p>L&#8217;ulteriore allentamento delle restrizioni per contenere la diffusione del coronavirus, che adesso non prevedono pi\u00f9 il tampone di fine isolamento, ha spinto l&#8217;Asp di Messina a chiudere l&#8217;hub tamponi del Palarescifina. Pertanto, adesso sar\u00e0 possibile farsi un tampone solo nelle farmacie e nei laboratori a pagamento. Decisione analoga \u00e8 stata presa a Milazzo, dove \u00e8 stata chiusa l&#8217;area screening per i tamponi.<div id=\"div-gpt-ad-Messinaoggi.it-DSK-300x250-corpoart\" style=\"text-align:center;margin:0 auto;\"><\/div><\/p>\n\n\n\n<p>&#8220;Ricordiamo inoltre &#8211; si legge in una nota dell&#8217;Asp &#8211; che ha chiuso l\u2019hub Fiera, e che \u00e8 possibile fare vaccini antinfluenzali, anti Covid, Papilloma e Lea nella sede Asp di via la Farina n 84 angolo via S. Cecilia&#8221;.<div id=\"videoincontent\" style=\"clear:both\";><\/div><\/p>\n","protected":false},"excerpt":{"rendered":"<p>L&#8217;ulteriore allentamento delle restrizioni per contenere la diffusione del coronavirus, che adesso non prevedono pi\u00f9 il tampone di fine isolamento, ha spinto l&#8217;Asp di Messina a chiudere l&#8217;hub tamponi del Palarescifina. Pertanto, adesso sar\u00e0 possibile farsi un tampone solo nelle farmacie e nei laboratori a pagamento. Decisione analoga \u00e8 stata presa a Milazzo, dove \u00e8 [&hellip;]<\/p>\n","protected":false},"author":8,"featured_media":89097,"comment_status":"open","ping_status":"open","sticky":false,"template":"","format":"standard","meta":{"ub_ctt_via":"","_mi_skip_tracking":false},"categories":[221],"tags":[223,227,1217,847],"featured_image_src":"https:\/\/www.messinaoggi.it\/website\/wp-content\/uploads\/2021\/11\/hub-Palarescifina.jpg","author_info":{"display_name":"red..me","author_link":"https:\/\/www.messinaoggi.it\/website\/author\/redstage\/"},"digistream_id":0,"digistream":false,"_links":{"self":[{"href":"https:\/\/www.messinaoggi.it\/website\/wp-json\/wp\/v2\/posts\/136237"}],"collection":[{"href":"https:\/\/www.messinaoggi.it\/website\/wp-json\/wp\/v2\/posts"}],"about":[{"href":"https:\/\/www.messinaoggi.it\/website\/wp-json\/wp\/v2\/types\/post"}],"author":[{"embeddable":true,"href":"https:\/\/www.messinaoggi.it\/website\/wp-json\/wp\/v2\/users\/8"}],"replies":[{"embeddable":true,"href":"https:\/\/www.messinaoggi.it\/website\/wp-json\/wp\/v2\/comments?post=136237"}],"version-history":[{"count":1,"href":"https:\/\/www.messinaoggi.it\/website\/wp-json\/wp\/v2\/posts\/136237\/revisions"}],"predecessor-version":[{"id":136238,"href":"https:\/\/www.messinaoggi.it\/website\/wp-json\/wp\/v2\/posts\/136237\/revisions\/136238"}],"wp:featuredmedia":[{"embeddable":true,"href":"https:\/\/www.messinaoggi.it\/website\/wp-json\/wp\/v2\/media\/89097"}],"wp:attachment":[{"href":"https:\/\/www.messinaoggi.it\/website\/wp-json\/wp\/v2\/media?parent=136237"}],"wp:term":[{"taxonomy":"category","embeddable":true,"href":"https:\/\/www.messinaoggi.it\/website\/wp-json\/wp\/v2\/categories?post=136237"},{"taxonomy":"post_tag","embeddable":true,"href":"https:\/\/www.messinaoggi.it\/website\/wp-json\/wp\/v2\/tags?post=136237"}],"curies":[{"name":"wp","href":"https:\/\/api.w.org\/{rel}","templated":true}]}}