{"id":136219,"date":"2023-01-02T14:17:50","date_gmt":"2023-01-02T13:17:50","guid":{"rendered":"https:\/\/www.messinaoggi.it\/website\/2023\/01\/02\/wizz-air-risponde-allattore-sperandeo-comportamento-aggressivo\/"},"modified":"2023-01-02T14:17:50","modified_gmt":"2023-01-02T13:17:50","slug":"wizz-air-risponde-allattore-sperandeo-comportamento-aggressivo","status":"publish","type":"post","link":"https:\/\/www.messinaoggi.it\/website\/2023\/01\/02\/wizz-air-risponde-allattore-sperandeo-comportamento-aggressivo\/","title":{"rendered":"Wizz Air risponde all\u2019attore Sperandeo \u201cComportamento aggressivo\u201d"},"content":{"rendered":"<div>\n<p>PALERMO (ITALPRESS) \u2013 La compagnia aerea Wizz Air risponde all\u2019attore Tony Sperandeo, che nei giorni scorsi aveva raccontato quanto gli era capitato sul volo Milano-Palermo del 26 dicembre, dal quale sarebbe stato allontanato, con l\u2019intervento della Polizia, per avere protestato in seguito a un forte ritardo delle procedure di partenza a Milano Malpensa. <br \/>L\u2019attore palermitano, tramite lo studio legale Palmigiano e Associati al quale si era rivolto, aveva inoltre diffidato la compagnia aerea e segnalato l\u2019accaduto all\u2019Enac. <br \/>Interpellata dall\u2019Italpress, Wizz Air commenta la vicenda: \u201cWizz Air \u2013 si legge nella nota \u2013 conferma che un passeggero sul volo W6 5579 da Milano Malpensa a Palermo del 26 dicembre 2022 \u00e8 stato segnalato come indisciplinato a causa di un comportamento aggressivo. Il personale di bordo ha gestito la situazione come da prassi, il passeggero indisciplinato \u00e8 stato affidato alla polizia e sbarcato dal volo \u2013 si legge -. Wizz Air si scusa per il ritardo, ma la sicurezza e l\u2019incolumit\u00e0 sono le nostre principali priorit\u00e0 e la compagnia aerea non pu\u00f2 tollerare alcun tipo di comportamento offensivo nei confronti dei passeggeri e del personale\u201d.<br \/>credit photo agenziafotogramma.it<br \/>(ITALPRESS).<div id=\"div-gpt-ad-Messinaoggi.it-DSK-300x250-corpoart\" style=\"text-align:center;margin:0 auto;\"><\/div><\/p>\n<\/div>\n<div id=\"videoincontent\" style=\"clear:both\";><\/div>","protected":false},"excerpt":{"rendered":"<p>PALERMO (ITALPRESS) \u2013 La compagnia aerea Wizz Air risponde all\u2019attore Tony Sperandeo, che nei giorni scorsi aveva raccontato quanto gli era capitato sul volo Milano-Palermo del 26 dicembre, dal quale sarebbe stato allontanato, con l\u2019intervento della Polizia, per avere protestato in seguito a un forte ritardo delle procedure di partenza a Milano Malpensa. L\u2019attore palermitano, [&hellip;]<\/p>\n","protected":false},"author":18,"featured_media":136220,"comment_status":"closed","ping_status":"closed","sticky":false,"template":"","format":"standard","meta":{"ub_ctt_via":"","_mi_skip_tracking":false},"categories":[2449],"tags":[783],"featured_image_src":"https:\/\/www.messinaoggi.it\/website\/wp-content\/uploads\/2023\/01\/20230102_0504.jpg","author_info":{"display_name":"Admin","author_link":"https:\/\/www.messinaoggi.it\/website\/author\/admin\/"},"digistream_id":0,"digistream":false,"_links":{"self":[{"href":"https:\/\/www.messinaoggi.it\/website\/wp-json\/wp\/v2\/posts\/136219"}],"collection":[{"href":"https:\/\/www.messinaoggi.it\/website\/wp-json\/wp\/v2\/posts"}],"about":[{"href":"https:\/\/www.messinaoggi.it\/website\/wp-json\/wp\/v2\/types\/post"}],"author":[{"embeddable":true,"href":"https:\/\/www.messinaoggi.it\/website\/wp-json\/wp\/v2\/users\/18"}],"replies":[{"embeddable":true,"href":"https:\/\/www.messinaoggi.it\/website\/wp-json\/wp\/v2\/comments?post=136219"}],"version-history":[{"count":0,"href":"https:\/\/www.messinaoggi.it\/website\/wp-json\/wp\/v2\/posts\/136219\/revisions"}],"wp:featuredmedia":[{"embeddable":true,"href":"https:\/\/www.messinaoggi.it\/website\/wp-json\/wp\/v2\/media\/136220"}],"wp:attachment":[{"href":"https:\/\/www.messinaoggi.it\/website\/wp-json\/wp\/v2\/media?parent=136219"}],"wp:term":[{"taxonomy":"category","embeddable":true,"href":"https:\/\/www.messinaoggi.it\/website\/wp-json\/wp\/v2\/categories?post=136219"},{"taxonomy":"post_tag","embeddable":true,"href":"https:\/\/www.messinaoggi.it\/website\/wp-json\/wp\/v2\/tags?post=136219"}],"curies":[{"name":"wp","href":"https:\/\/api.w.org\/{rel}","templated":true}]}}