{"id":136215,"date":"2023-01-02T14:07:54","date_gmt":"2023-01-02T13:07:54","guid":{"rendered":"https:\/\/www.messinaoggi.it\/website\/2023\/01\/02\/senato-ambientalisti-imbrattano-la-facciata-di-palazzo-madama\/"},"modified":"2023-01-02T14:07:54","modified_gmt":"2023-01-02T13:07:54","slug":"senato-ambientalisti-imbrattano-la-facciata-di-palazzo-madama","status":"publish","type":"post","link":"https:\/\/www.messinaoggi.it\/website\/2023\/01\/02\/senato-ambientalisti-imbrattano-la-facciata-di-palazzo-madama\/","title":{"rendered":"Senato, ambientalisti imbrattano la facciata di Palazzo Madama"},"content":{"rendered":"<div>ROMA (ITALPRESS) &#8211; Quattro persone appartenenti al gruppo ambientalista Ultima Generazione hanno imbrattato Palazzo Madama, sede del Senato, con un getto di vernice arancione, utilizzando degli estintori. Alla base del gesto quello che gli ambientalisti definiscono come &#8220;il disinteresse del mondo politico di fronte ai dati e le notizie sempre pi\u00f9 allarmanti sul collasso eco-climatico&#8221;. &#8220;Ho scelto e continuer\u00f2 a scegliere di compiere azioni di disobbedienza civile nonviolenta perch\u00e8 sono disperata.  La narrativa tanto in voga secondo la quale ognuno di noi pu\u00f2 individualmente contribuire a limitare i danni del riscaldamento globale, salvando il pianeta, \u00e8 senz&#8217;altro positiva ma fortemente irrealistica&#8221;, sottolinea una manifestante.<br \/>&#8220;Sono i governi e le istituzioni ad avere il potere decisionale per avviare una transizione energetica effettiva. L&#8217;azione individuale non basta. Non possiamo illuderci che fare la raccolta differenziata e partecipare a cortei organizzati sia sufficiente. E&#8217;, di conseguenza, proprio al governo e alle istituzioni che rivolgiamo la nostra rabbia di protesta&#8221;, conclude.<br \/>&#8220;Nessun alibi, nessuna giustificazione per un atto che offende tutte le istituzioni e che solo grazie al sangue freddo dei carabinieri non \u00e8 trasceso in violenza. Il Senato \u00e8 stato vigliaccamente scelto perch\u00e8 a differenza di Palazzo Chigi, della Camera dei deputati e di altre istituzioni, non ha mai ritenuto fino ad ora di dover creare un area di sicurezza attorno all&#8217;edificio. Ho convocato immediatamente per domani alle ore 15 il Consiglio di presidenza del Senato per ogni opportuna decisione&#8221;, commenta il presidente del Senato, Ignazio La Russa.<div id=\"div-gpt-ad-Messinaoggi.it-DSK-300x250-corpoart\" style=\"text-align:center;margin:0 auto;\"><\/div><\/p>\n<p>&#8211; foto ufficio stampa Ultima Generazione &#8211;<div id=\"videoincontent\" style=\"clear:both\";><\/div><\/p>\n<p>(ITALPRESS).<\/p><\/div>\n","protected":false},"excerpt":{"rendered":"<p>ROMA (ITALPRESS) &#8211; Quattro persone appartenenti al gruppo ambientalista Ultima Generazione hanno imbrattato Palazzo Madama, sede del Senato, con un getto di vernice arancione, utilizzando degli estintori. Alla base del gesto quello che gli ambientalisti definiscono come &#8220;il disinteresse del mondo politico di fronte ai dati e le notizie sempre pi\u00f9 allarmanti sul collasso eco-climatico&#8221;. [&hellip;]<\/p>\n","protected":false},"author":18,"featured_media":136216,"comment_status":"closed","ping_status":"closed","sticky":false,"template":"","format":"standard","meta":{"ub_ctt_via":"","_mi_skip_tracking":false},"categories":[446],"tags":[783],"featured_image_src":"https:\/\/www.messinaoggi.it\/website\/wp-content\/uploads\/2023\/01\/20230102_0463.jpg","author_info":{"display_name":"Admin","author_link":"https:\/\/www.messinaoggi.it\/website\/author\/admin\/"},"digistream_id":0,"digistream":false,"_links":{"self":[{"href":"https:\/\/www.messinaoggi.it\/website\/wp-json\/wp\/v2\/posts\/136215"}],"collection":[{"href":"https:\/\/www.messinaoggi.it\/website\/wp-json\/wp\/v2\/posts"}],"about":[{"href":"https:\/\/www.messinaoggi.it\/website\/wp-json\/wp\/v2\/types\/post"}],"author":[{"embeddable":true,"href":"https:\/\/www.messinaoggi.it\/website\/wp-json\/wp\/v2\/users\/18"}],"replies":[{"embeddable":true,"href":"https:\/\/www.messinaoggi.it\/website\/wp-json\/wp\/v2\/comments?post=136215"}],"version-history":[{"count":0,"href":"https:\/\/www.messinaoggi.it\/website\/wp-json\/wp\/v2\/posts\/136215\/revisions"}],"wp:featuredmedia":[{"embeddable":true,"href":"https:\/\/www.messinaoggi.it\/website\/wp-json\/wp\/v2\/media\/136216"}],"wp:attachment":[{"href":"https:\/\/www.messinaoggi.it\/website\/wp-json\/wp\/v2\/media?parent=136215"}],"wp:term":[{"taxonomy":"category","embeddable":true,"href":"https:\/\/www.messinaoggi.it\/website\/wp-json\/wp\/v2\/categories?post=136215"},{"taxonomy":"post_tag","embeddable":true,"href":"https:\/\/www.messinaoggi.it\/website\/wp-json\/wp\/v2\/tags?post=136215"}],"curies":[{"name":"wp","href":"https:\/\/api.w.org\/{rel}","templated":true}]}}