{"id":136178,"date":"2023-01-02T09:07:53","date_gmt":"2023-01-02T08:07:53","guid":{"rendered":"https:\/\/www.messinaoggi.it\/website\/2023\/01\/02\/calderone-sostenere-il-potere-dacquisto-tagliando-cuneo-del-5\/"},"modified":"2023-01-02T09:07:53","modified_gmt":"2023-01-02T08:07:53","slug":"calderone-sostenere-il-potere-dacquisto-tagliando-cuneo-del-5","status":"publish","type":"post","link":"https:\/\/www.messinaoggi.it\/website\/2023\/01\/02\/calderone-sostenere-il-potere-dacquisto-tagliando-cuneo-del-5\/","title":{"rendered":"Calderone \u201cSostenere il potere d\u2019acquisto tagliando cuneo del 5%\u201d"},"content":{"rendered":"<div>ROMA (ITALPRESS) &#8211; &#8220;E&#8217; necessario rendere pi\u00f9 organica tutta la disciplina per dare certezze ai lavoratori che hanno il diritto di sapere in modo chiaro quali sono i requisiti per andare in pensione e a quali condizioni, eventualmente, possono anticipare il pensionamento. Oltre al primo pilastro pensionistico, \u00e8 necessario intervenire per rendere pi\u00f9 agevole il coordinamento con il secondo pilastro, con la previdenza complementare, su cui \u00e8 importante investire anche in termini di semplificazione normativa e procedurale&#8221;. Cos\u00ec, in un&#8217;intervista a La Stampa, il ministro del Lavoro Marina Calderone in merito alla riforma delle pensioni. Quanto a reddito di cittadinanza e politiche attive, il ministro spiega che &#8220;hanno due obiettivi diversi ma complementari. Distinguiamo quindi gli strumenti per contrastare la povert\u00e0, difficolt\u00e0 sociali o familiari da quelli per accompagnare al lavoro. Per i primi, puntiamo a un reddito di inclusione, magari rafforzato ed esteso rispetto al passato. Per i secondi, la strada passa attraverso la realizzazione di un sistema che preveda nuovi strumenti di incrocio tra domanda e offerta di lavoro, con il coinvolgimento di tutti gli attori pubblici e privati del mercato del lavoro&#8221;. Secondo Calderone, inoltre, &#8220;il tema del potere d&#8217;acquisto dei salari e degli stipendi \u00e8 di importanza centrale. Per favorire la dinamica salariale \u00e8 certamente necessario intervenire sulla riduzione del cuneo fiscale e contributivo. Tra gli impegni di legislatura vi \u00e8 la riduzione del 5% del cuneo e su questo lavoreremo&#8221;.<br \/>\n(ITALPRESS).<br \/>\n-foto agenziafotogramma.it-<\/div>\n<div id=\"div-gpt-ad-Messinaoggi.it-DSK-300x250-corpoart\" style=\"text-align:center;margin:0 auto;\"><\/div><\/p><div id=\"videoincontent\" style=\"clear:both\";><\/div>","protected":false},"excerpt":{"rendered":"<p>ROMA (ITALPRESS) &#8211; &#8220;E&#8217; necessario rendere pi\u00f9 organica tutta la disciplina per dare certezze ai lavoratori che hanno il diritto di sapere in modo chiaro quali sono i requisiti per andare in pensione e a quali condizioni, eventualmente, possono anticipare il pensionamento. Oltre al primo pilastro pensionistico, \u00e8 necessario intervenire per rendere pi\u00f9 agevole il [&hellip;]<\/p>\n","protected":false},"author":18,"featured_media":136179,"comment_status":"closed","ping_status":"closed","sticky":false,"template":"","format":"standard","meta":{"ub_ctt_via":"","_mi_skip_tracking":false},"categories":[446],"tags":[783],"featured_image_src":"https:\/\/www.messinaoggi.it\/website\/wp-content\/uploads\/2023\/01\/20230102_0104.jpg","author_info":{"display_name":"Admin","author_link":"https:\/\/www.messinaoggi.it\/website\/author\/admin\/"},"digistream_id":0,"digistream":false,"_links":{"self":[{"href":"https:\/\/www.messinaoggi.it\/website\/wp-json\/wp\/v2\/posts\/136178"}],"collection":[{"href":"https:\/\/www.messinaoggi.it\/website\/wp-json\/wp\/v2\/posts"}],"about":[{"href":"https:\/\/www.messinaoggi.it\/website\/wp-json\/wp\/v2\/types\/post"}],"author":[{"embeddable":true,"href":"https:\/\/www.messinaoggi.it\/website\/wp-json\/wp\/v2\/users\/18"}],"replies":[{"embeddable":true,"href":"https:\/\/www.messinaoggi.it\/website\/wp-json\/wp\/v2\/comments?post=136178"}],"version-history":[{"count":0,"href":"https:\/\/www.messinaoggi.it\/website\/wp-json\/wp\/v2\/posts\/136178\/revisions"}],"wp:featuredmedia":[{"embeddable":true,"href":"https:\/\/www.messinaoggi.it\/website\/wp-json\/wp\/v2\/media\/136179"}],"wp:attachment":[{"href":"https:\/\/www.messinaoggi.it\/website\/wp-json\/wp\/v2\/media?parent=136178"}],"wp:term":[{"taxonomy":"category","embeddable":true,"href":"https:\/\/www.messinaoggi.it\/website\/wp-json\/wp\/v2\/categories?post=136178"},{"taxonomy":"post_tag","embeddable":true,"href":"https:\/\/www.messinaoggi.it\/website\/wp-json\/wp\/v2\/tags?post=136178"}],"curies":[{"name":"wp","href":"https:\/\/api.w.org\/{rel}","templated":true}]}}