{"id":13609,"date":"2017-12-27T11:35:37","date_gmt":"2017-12-27T10:35:37","guid":{"rendered":"http:\/\/www.messinaoggi.it\/website\/?p=13609"},"modified":"2017-12-27T11:35:37","modified_gmt":"2017-12-27T10:35:37","slug":"figuccia-un-errore-votare-micciche-il-suo-partito-frena-dichiarazioni-inopportune","status":"publish","type":"post","link":"https:\/\/www.messinaoggi.it\/website\/2017\/12\/27\/figuccia-un-errore-votare-micciche-il-suo-partito-frena-dichiarazioni-inopportune\/","title":{"rendered":"Figuccia: &quot;Un errore votare Miccich\u00e8&quot;. Il suo partito frena: &quot;Dichiarazioni inopportune&quot;"},"content":{"rendered":"<p>L\u2019assessore regionale all\u2019Energia, Vincenzo Figuccia, si scaglia contro il presidente dell\u2019Ars Miccich\u00e8 sulle sue idee ai tetti degli stipendi. Ma il suo partito sembra non appoggiarlo.<br \/>\n\u201cConsentitemi di mostrare una profonda amarezza e di sollevare perplessit\u00e0 nei confronti\u00a0 delle affermazioni del neo presidente dell\u2019Assemblea regionale siciliana, con riferimento ai tetti degli stipendi &#8211; spiega Figuccia -. \u00c8 normale che molti dirigenti dell\u2019Ars siano andati in pensione e che esista una nuova eccellente classe dirigente che ha preso il loro posto. Anche in modo sobrio e meno esoso e non credo ci\u00f2 rappresenti un disvalore.<br \/>\nLa realt\u00e0 \u00e8 che probabilmente questa maggioranza ha sbagliato a votare Miccich\u00e8 e avrebbe potuto fare scelte pi\u00f9 coraggiose esprimendo un presidente dell\u2019Ars di maggiore discontinuit\u00e0 &#8211; precisa -. Non mi piace l\u2019immagine che si sta dando all\u2019esterno. La considero offensiva per tanti che non possono mangiare, licenziati, inoccupati, giovani, meno giovani e soggetti appartenenti a varie categorie che guardano a questo governo con speranza e che aspettano segnali nella direzione del cambiamento, dello sviluppo e del sostegno a chi soffre\u201d.<br \/>\n<strong>L&#8217;Udc si dissocia<\/strong>. \u201cL\u2019Udc ribadisce stima e apprezzamento per il presidente Miccich\u00e8 che \u00e8 stato voluto dalla maggioranza di cui l\u2019Udc \u00e8 parte integrante \u2013 ha affermato Giuseppe Naro, commissario regionale dell\u2019Udc -. Per questa ragione la dichiarazione dell\u2019on. Figuccia \u00e8 assolutamente inopportuna.<br \/>\nLa linea politica del partito \u00e8 coerente rispetto alle buone relazioni istituzionali e personali nei confronti del presidente dell\u2019Assemblea regionale siciliana\u201d.<div id=\"div-gpt-ad-Messinaoggi.it-DSK-300x250-corpoart\" style=\"text-align:center;margin:0 auto;\"><\/div><\/p>\n<div id=\"videoincontent\" style=\"clear:both\";><\/div>","protected":false},"excerpt":{"rendered":"<p>L\u2019assessore regionale all\u2019Energia, Vincenzo Figuccia, si scaglia contro il presidente dell\u2019Ars Miccich\u00e8 sulle sue idee ai tetti degli stipendi. Ma il suo partito sembra non appoggiarlo. \u201cConsentitemi di mostrare una profonda amarezza e di sollevare perplessit\u00e0 nei confronti\u00a0 delle affermazioni del neo presidente dell\u2019Assemblea regionale siciliana, con riferimento ai tetti degli stipendi &#8211; spiega Figuccia [&hellip;]<\/p>\n","protected":false},"author":2,"featured_media":13095,"comment_status":"closed","ping_status":"open","sticky":false,"template":"","format":"standard","meta":{"ub_ctt_via":"","_mi_skip_tracking":false},"categories":[11],"tags":[],"featured_image_src":"https:\/\/www.messinaoggi.it\/website\/wp-content\/uploads\/2017\/12\/ars-PAPA_0452C.jpg","author_info":{"display_name":"Redazione","author_link":"https:\/\/www.messinaoggi.it\/website\/author\/redazione\/"},"digistream_id":0,"digistream":false,"_links":{"self":[{"href":"https:\/\/www.messinaoggi.it\/website\/wp-json\/wp\/v2\/posts\/13609"}],"collection":[{"href":"https:\/\/www.messinaoggi.it\/website\/wp-json\/wp\/v2\/posts"}],"about":[{"href":"https:\/\/www.messinaoggi.it\/website\/wp-json\/wp\/v2\/types\/post"}],"author":[{"embeddable":true,"href":"https:\/\/www.messinaoggi.it\/website\/wp-json\/wp\/v2\/users\/2"}],"replies":[{"embeddable":true,"href":"https:\/\/www.messinaoggi.it\/website\/wp-json\/wp\/v2\/comments?post=13609"}],"version-history":[{"count":0,"href":"https:\/\/www.messinaoggi.it\/website\/wp-json\/wp\/v2\/posts\/13609\/revisions"}],"wp:featuredmedia":[{"embeddable":true,"href":"https:\/\/www.messinaoggi.it\/website\/wp-json\/wp\/v2\/media\/13095"}],"wp:attachment":[{"href":"https:\/\/www.messinaoggi.it\/website\/wp-json\/wp\/v2\/media?parent=13609"}],"wp:term":[{"taxonomy":"category","embeddable":true,"href":"https:\/\/www.messinaoggi.it\/website\/wp-json\/wp\/v2\/categories?post=13609"},{"taxonomy":"post_tag","embeddable":true,"href":"https:\/\/www.messinaoggi.it\/website\/wp-json\/wp\/v2\/tags?post=13609"}],"curies":[{"name":"wp","href":"https:\/\/api.w.org\/{rel}","templated":true}]}}