{"id":136030,"date":"2022-12-30T13:07:54","date_gmt":"2022-12-30T12:07:54","guid":{"rendered":"https:\/\/www.messinaoggi.it\/website\/2022\/12\/30\/covid-ministero-della-salute-evoluzione-imprevedibile-il-paese-si-prepari\/"},"modified":"2022-12-30T23:57:23","modified_gmt":"2022-12-30T22:57:23","slug":"covid-ministero-della-salute-evoluzione-imprevedibile-il-paese-si-prepari","status":"publish","type":"post","link":"https:\/\/www.messinaoggi.it\/website\/2022\/12\/30\/covid-ministero-della-salute-evoluzione-imprevedibile-il-paese-si-prepari\/","title":{"rendered":"Covid, Ministero della Salute \u201cEvoluzione imprevedibile, il Paese si prepari\u201d"},"content":{"rendered":"<div>ROMA (ITALPRESS) &#8211; &#8220;Sebbene l&#8217;evoluzione della pandemia sia allo stato attuale imprevedibile, il nostro Paese deve prepararsi ad affrontare un inverno in cui si potrebbe osservare un aumentato impatto assistenziale attribuibile a diverse malattie respiratorie acute, prima fra tutte l\u2019influenza, e alla possibile circolazione di nuove varianti di SARS-CoV-2, determinato anche dai comportamenti individuali e dallo stato immunitario della popolazione&#8221;. Lo sottolinea il ministero della Salute, in una circolare diffusa oggi alle Regioni con oggetto &#8220;Interventi in atto per la gestione della circolazione del SARS-CoV-2 nella stagione invernale 2022-2023&#8221;. Si evidenzia &#8220;la necessit\u00e0 di intensificare il sequenziamento al fine di raggiungere una numerosit\u00e0 sufficiente a identificare l\u2019eventuale circolazione di nuove varianti. \u00c8 particolarmente importante evitare la congestione delle strutture sanitarie limitando l\u2019incidenza di malattia grave da COVID-19 e le complicanze dell\u2019influenza nelle persone a rischio, proteggendo soprattutto le persone pi\u00f9 fragili&#8221;.<br \/>\nPer l&#8217;inverno 2022-23, \u00e8 &#8220;indispensabile che i servizi sanitari regionali verifichino e, se necessario, rafforzino lo stato di preparazione al fine di fronteggiare un eventuale aumento della domanda di assistenza per i casi di SarsCoV2&#8221;. Si raccomanda la verifica dei posti letto in ricovero e terapia intensiva\/sub-intensiva dedicati e da dedicare a pazienti COVID-19, da individuare ed attivare con modalit\u00e0 flessibile in base alla domanda; disponibilit\u00e0 e corretta applicazione di protocolli ospedalieri formalizzati per la gestione in sicurezza dei pazienti; disponibilit\u00e0 e corretta applicazione di protocolli ospedalieri formalizzati per la disinfezione e sanificazione degli ambienti di soggiorno dei pazienti positivi alla ricerca del virus SARS-CoV2; approvvigionamento di materiali di consumo, strumentazione, dispositivi, diagnostici, farmaci, vaccini, ecc.; disponibilit\u00e0 di personale sanitario formato e continuamente aggiornato, che possa supportare i reparti ospedalieri e i servizi territoriali nel caso di un aumento del numero di casi tale da superare l&#8217;attuale capacit\u00e0 dei sistemi assistenziali e\/o dei Dipartimenti di Prevenzione; dotazioni e procedure delle RSA e long term facilities; modalit\u00e0 e protocolli dell&#8217;assistenza a domicilio; efficacia della comunicazione esterna e interna, compresa la tempestiva comunicazione dei dati che alimentino i flussi informativi nazionali.<br \/>-foto agenziafotogramma.it-<br \/>(ITALPRESS).<\/div>\n<div id=\"div-gpt-ad-Messinaoggi.it-DSK-300x250-corpoart\" style=\"text-align:center;margin:0 auto;\"><\/div><\/p><div id=\"videoincontent\" style=\"clear:both\";><\/div>","protected":false},"excerpt":{"rendered":"<p>ROMA (ITALPRESS) &#8211; &#8220;Sebbene l&#8217;evoluzione della pandemia sia allo stato attuale imprevedibile, il nostro Paese deve prepararsi ad affrontare un inverno in cui si potrebbe osservare un aumentato impatto assistenziale attribuibile a diverse malattie respiratorie acute, prima fra tutte l\u2019influenza, e alla possibile circolazione di nuove varianti di SARS-CoV-2, determinato anche dai comportamenti individuali e [&hellip;]<\/p>\n","protected":false},"author":18,"featured_media":136031,"comment_status":"closed","ping_status":"closed","sticky":false,"template":"","format":"standard","meta":{"ub_ctt_via":"","_mi_skip_tracking":false},"categories":[221,446],"tags":[783],"featured_image_src":"https:\/\/www.messinaoggi.it\/website\/wp-content\/uploads\/2022\/12\/20221230_0519.jpg","author_info":{"display_name":"Admin","author_link":"https:\/\/www.messinaoggi.it\/website\/author\/admin\/"},"digistream_id":0,"digistream":false,"_links":{"self":[{"href":"https:\/\/www.messinaoggi.it\/website\/wp-json\/wp\/v2\/posts\/136030"}],"collection":[{"href":"https:\/\/www.messinaoggi.it\/website\/wp-json\/wp\/v2\/posts"}],"about":[{"href":"https:\/\/www.messinaoggi.it\/website\/wp-json\/wp\/v2\/types\/post"}],"author":[{"embeddable":true,"href":"https:\/\/www.messinaoggi.it\/website\/wp-json\/wp\/v2\/users\/18"}],"replies":[{"embeddable":true,"href":"https:\/\/www.messinaoggi.it\/website\/wp-json\/wp\/v2\/comments?post=136030"}],"version-history":[{"count":1,"href":"https:\/\/www.messinaoggi.it\/website\/wp-json\/wp\/v2\/posts\/136030\/revisions"}],"predecessor-version":[{"id":136123,"href":"https:\/\/www.messinaoggi.it\/website\/wp-json\/wp\/v2\/posts\/136030\/revisions\/136123"}],"wp:featuredmedia":[{"embeddable":true,"href":"https:\/\/www.messinaoggi.it\/website\/wp-json\/wp\/v2\/media\/136031"}],"wp:attachment":[{"href":"https:\/\/www.messinaoggi.it\/website\/wp-json\/wp\/v2\/media?parent=136030"}],"wp:term":[{"taxonomy":"category","embeddable":true,"href":"https:\/\/www.messinaoggi.it\/website\/wp-json\/wp\/v2\/categories?post=136030"},{"taxonomy":"post_tag","embeddable":true,"href":"https:\/\/www.messinaoggi.it\/website\/wp-json\/wp\/v2\/tags?post=136030"}],"curies":[{"name":"wp","href":"https:\/\/api.w.org\/{rel}","templated":true}]}}