{"id":136029,"date":"2022-12-30T13:09:56","date_gmt":"2022-12-30T12:09:56","guid":{"rendered":"http:\/\/www.messinaoggi.it\/website\/?p=136029"},"modified":"2022-12-30T13:09:57","modified_gmt":"2022-12-30T12:09:57","slug":"ersu-fondi-per-gli-studenti-disabili","status":"publish","type":"post","link":"https:\/\/www.messinaoggi.it\/website\/2022\/12\/30\/ersu-fondi-per-gli-studenti-disabili\/","title":{"rendered":"Ersu, fondi per gli studenti disabili"},"content":{"rendered":"\n<p>Il presidente dell\u2019Ente per il diritto allo studio di Messina, prof. <strong>Pierangelo Grimaudo<\/strong>, stanzia nella proposta di bilancio per il 2023 300.000 euro per i giovani disabili che vogliono frequentare l\u2019Universit\u00e0 di Messina e il Conservatorio Corelli.<div id=\"div-gpt-ad-Messinaoggi.it-DSK-300x250-corpoart\" style=\"text-align:center;margin:0 auto;\"><\/div><\/p>\n\n\n\n<p>\u201cUn fatto rivoluzionario, non solo in termini economici, ma soprattutto per la qualit\u00e0 e per la completezza dei servizi che saranno messi a disposizione per azzerare lo svantaggio di questi studenti -spiega Grimaudo. Un fatto rivoluzionario anche per l\u2019ERSU Messina, che per la prima volta attua a favore degli studenti disabili quegli interventi previsti dalla legge istitutiva del 2002 e appositamente finanziati.<div id=\"videoincontent\" style=\"clear:both\";><\/div><\/p>\n\n\n\n<p>Accompagnatori individuali per ogni disabile, a prescindere dalla sua residenza, compresi quindi quei ragazzi, messinesi e non, che aspirano a laurearsi ma necessitano di assistenza, mezzi e sussidi didattici, oltre ovviamente a servizi H24 nelle residenze con personale dedicato.<\/p>\n\n\n\n<p>Ritengo prioritario per la realizzazione del diritto allo studio -prosegue il presidente dell\u2019ERSU- guardare soprattutto al mondo della disabilit\u00e0. Il percorso universitario ha un particolare valore per tutti coloro che, per condizione personale di disabilit\u00e0, trovano nello studio un mezzo fondamentale partecipare pienamente alla vita sociale, lavorativa e anche politica.<\/p>\n\n\n\n<p>Lo studio rompe le catene dei propri impedimenti fisici, emancipa una volta e per sempre la marginalit\u00e0 nella quale troppo spesso sono relegate le persone diversamente abili. E\u2019 una speranza che restituisce una prospettiva di una vita piena e completa, ma al di l\u00e0 della retorica, ci vogliono fatti concreti: soldi, personale e servizi dedicati, sussidi didattici e mezzi di trasporto.<\/p>\n\n\n\n<p>Nella mia proposta di spesa a favore dei disabili, tra pochi giorni sottoposta all\u2019approvazione dei membri del Consiglio di Amministrazione dell\u2019ERSU di Messina, c\u2019\u00e8 quindi una scelta chiara, concreta e congrua.<\/p>\n\n\n\n<p>Un Consiglio d\u2019amministrazione giovane dove siedono 3 rappresentanti degli studenti della nostra Universit\u00e0 tutti sotto i trenta anni, <strong>Alberto Armone, Kevin Bonasera e Giuseppe Patan\u00e8,<\/strong> e che per questo ritengo abbiano una spiccata sensibilit\u00e0 al tema dei diritti dei loro coetanei disabili e in generale, al valore della solidariet\u00e0 umana, e un valentissimo e giovane chirurgo e docente universitario, il Dott. Massimo Cardali, altrettanto attento ai temi umani e professionali implicati in questa scelta.<\/p>\n\n\n\n<p>Con questa mia proposta di bilancio, che sono sicuro sar\u00e0 approvata con unanime entusiasmo dal CdA di domani, ed apprezzata dalla Regione Siciliana, si passa da promesse fumose, mai mantenute, ai fatti, realizzando fra l\u2019altro un obiettivo strategico dell\u2019assessorato regionale all\u2019Istruzione indicato come prioritario dal Documento di Economia e Finanza della Sicilia per gli anni 2022-24.<\/p>\n\n\n\n<p>Riguardo ai tempi per mettere in campo questi interventi, \u00e8 mio auspicio che i controlli sulla proposta di bilancio di pertinenza del nostro Collegio dei Revisori e quelli successivi alla deliberazione del bilancio, di spettanza della Regione, avvengano in tempi ristretti, per permettere all\u2019ERSU di concretizzare con celerit\u00e0 questa importante azione a favore degli studenti quanto mai necessaria ed urgente. \u00c8 mia intenzione, infine, convocare al pi\u00f9 presto un Forum per il Diritto allo studio dei disabili -conclude Grimaudo- al quale saranno invitate le Associazioni del mondo della disabilit\u00e0, l\u2019Universit\u00e0, il Conservatorio Corelli ed i Comuni e la Citt\u00e0 metropolitane di Messina e di Reggio Calabria, che contribuiranno alla individuazione delle esigenze, dei servizi e delle opportune sinergie istituzionali\u201d.<\/p>\n","protected":false},"excerpt":{"rendered":"<p>Il presidente dell\u2019Ente per il diritto allo studio di Messina, prof. Pierangelo Grimaudo, stanzia nella proposta di bilancio per il 2023 300.000 euro per i giovani disabili che vogliono frequentare l\u2019Universit\u00e0 di Messina e il Conservatorio Corelli. \u201cUn fatto rivoluzionario, non solo in termini economici, ma soprattutto per la qualit\u00e0 e per la completezza dei [&hellip;]<\/p>\n","protected":false},"author":15,"featured_media":95052,"comment_status":"open","ping_status":"open","sticky":false,"template":"","format":"standard","meta":{"ub_ctt_via":"","_mi_skip_tracking":false},"categories":[6],"tags":[2014,3918,1852,3921],"featured_image_src":"https:\/\/www.messinaoggi.it\/website\/wp-content\/uploads\/2022\/01\/Pierangelo-Grimaudo.jpg","author_info":{"display_name":"red.me","author_link":"https:\/\/www.messinaoggi.it\/website\/author\/red-me\/"},"digistream_id":0,"digistream":false,"_links":{"self":[{"href":"https:\/\/www.messinaoggi.it\/website\/wp-json\/wp\/v2\/posts\/136029"}],"collection":[{"href":"https:\/\/www.messinaoggi.it\/website\/wp-json\/wp\/v2\/posts"}],"about":[{"href":"https:\/\/www.messinaoggi.it\/website\/wp-json\/wp\/v2\/types\/post"}],"author":[{"embeddable":true,"href":"https:\/\/www.messinaoggi.it\/website\/wp-json\/wp\/v2\/users\/15"}],"replies":[{"embeddable":true,"href":"https:\/\/www.messinaoggi.it\/website\/wp-json\/wp\/v2\/comments?post=136029"}],"version-history":[{"count":1,"href":"https:\/\/www.messinaoggi.it\/website\/wp-json\/wp\/v2\/posts\/136029\/revisions"}],"predecessor-version":[{"id":136032,"href":"https:\/\/www.messinaoggi.it\/website\/wp-json\/wp\/v2\/posts\/136029\/revisions\/136032"}],"wp:featuredmedia":[{"embeddable":true,"href":"https:\/\/www.messinaoggi.it\/website\/wp-json\/wp\/v2\/media\/95052"}],"wp:attachment":[{"href":"https:\/\/www.messinaoggi.it\/website\/wp-json\/wp\/v2\/media?parent=136029"}],"wp:term":[{"taxonomy":"category","embeddable":true,"href":"https:\/\/www.messinaoggi.it\/website\/wp-json\/wp\/v2\/categories?post=136029"},{"taxonomy":"post_tag","embeddable":true,"href":"https:\/\/www.messinaoggi.it\/website\/wp-json\/wp\/v2\/tags?post=136029"}],"curies":[{"name":"wp","href":"https:\/\/api.w.org\/{rel}","templated":true}]}}