{"id":13602,"date":"2017-12-27T10:02:56","date_gmt":"2017-12-27T09:02:56","guid":{"rendered":"http:\/\/www.messinaoggi.it\/website\/?p=13602"},"modified":"2017-12-27T10:02:56","modified_gmt":"2017-12-27T09:02:56","slug":"il-buio-e-poi-la-luce-scolpire-la-memoria-visita-al-cimitero-per-ricordare-le-vittime-del-1908","status":"publish","type":"post","link":"https:\/\/www.messinaoggi.it\/website\/2017\/12\/27\/il-buio-e-poi-la-luce-scolpire-la-memoria-visita-al-cimitero-per-ricordare-le-vittime-del-1908\/","title":{"rendered":"&quot;Il buio e poi la luce: scolpire la memoria&quot;, visite al cimitero per ricordare le vittime del 1908"},"content":{"rendered":"<p>\u201cIl buio e poi la luce: scolpire la memoria. Messina ricorda il sisma del 1908 con le testimonianze del cimitero monumentale\u201d. E\u2019 il tema della visita al Gran camposanto promossa dall\u2019assessorato all\u2019Ambiente ed ai nuovi Stili di vita ed il dipartimento Cimiteri, in programma domani alle 10, in occasione dell\u2019anniversario del terremoto del 1908.<br \/>\nLa visita guidata \u00e8 curata da Teresa Altamore e Giuseppe Finocchio. Sar\u00e0 presente Francesco Cancellieri, componente dell\u2019Osservatorio regionale per la qualit\u00e0 del paesaggio.<br \/>\nI partecipanti, radunati alla porta centrale del Cimitero monumentale, saranno accompagnati lungo un itinerario che riveler\u00e0 importanti testimonianze degli illustri defunti e non, della citt\u00e0 perite nel terremoto del 1908. Chi volesse partecipare potr\u00e0 contattare l\u2019assessorato all\u2019indirizzo mail:\u00a0<a href=\"mailto:aldiladiognidubbio@gmail.com\">aldiladiognidubbio@gmail.com<\/a><div id=\"div-gpt-ad-Messinaoggi.it-DSK-300x250-corpoart\" style=\"text-align:center;margin:0 auto;\"><\/div><\/p>\n<div id=\"videoincontent\" style=\"clear:both\";><\/div>","protected":false},"excerpt":{"rendered":"<p>\u201cIl buio e poi la luce: scolpire la memoria. Messina ricorda il sisma del 1908 con le testimonianze del cimitero monumentale\u201d. E\u2019 il tema della visita al Gran camposanto promossa dall\u2019assessorato all\u2019Ambiente ed ai nuovi Stili di vita ed il dipartimento Cimiteri, in programma domani alle 10, in occasione dell\u2019anniversario del terremoto del 1908. La [&hellip;]<\/p>\n","protected":false},"author":2,"featured_media":8013,"comment_status":"closed","ping_status":"open","sticky":false,"template":"","format":"standard","meta":{"ub_ctt_via":"","_mi_skip_tracking":false},"categories":[5],"tags":[],"featured_image_src":"https:\/\/www.messinaoggi.it\/website\/wp-content\/uploads\/2017\/09\/Gran_camposanto_di_Messina_Famedio-messinaoggiMR-2.jpg","author_info":{"display_name":"Redazione","author_link":"https:\/\/www.messinaoggi.it\/website\/author\/redazione\/"},"digistream_id":0,"digistream":false,"_links":{"self":[{"href":"https:\/\/www.messinaoggi.it\/website\/wp-json\/wp\/v2\/posts\/13602"}],"collection":[{"href":"https:\/\/www.messinaoggi.it\/website\/wp-json\/wp\/v2\/posts"}],"about":[{"href":"https:\/\/www.messinaoggi.it\/website\/wp-json\/wp\/v2\/types\/post"}],"author":[{"embeddable":true,"href":"https:\/\/www.messinaoggi.it\/website\/wp-json\/wp\/v2\/users\/2"}],"replies":[{"embeddable":true,"href":"https:\/\/www.messinaoggi.it\/website\/wp-json\/wp\/v2\/comments?post=13602"}],"version-history":[{"count":0,"href":"https:\/\/www.messinaoggi.it\/website\/wp-json\/wp\/v2\/posts\/13602\/revisions"}],"wp:featuredmedia":[{"embeddable":true,"href":"https:\/\/www.messinaoggi.it\/website\/wp-json\/wp\/v2\/media\/8013"}],"wp:attachment":[{"href":"https:\/\/www.messinaoggi.it\/website\/wp-json\/wp\/v2\/media?parent=13602"}],"wp:term":[{"taxonomy":"category","embeddable":true,"href":"https:\/\/www.messinaoggi.it\/website\/wp-json\/wp\/v2\/categories?post=13602"},{"taxonomy":"post_tag","embeddable":true,"href":"https:\/\/www.messinaoggi.it\/website\/wp-json\/wp\/v2\/tags?post=13602"}],"curies":[{"name":"wp","href":"https:\/\/api.w.org\/{rel}","templated":true}]}}