{"id":135998,"date":"2022-12-30T10:17:54","date_gmt":"2022-12-30T09:17:54","guid":{"rendered":"https:\/\/www.messinaoggi.it\/website\/2022\/12\/30\/cadaver-lab-a-palermo-nuovi-corsi-per-la-formazione-chirurgica\/"},"modified":"2022-12-30T10:17:54","modified_gmt":"2022-12-30T09:17:54","slug":"cadaver-lab-a-palermo-nuovi-corsi-per-la-formazione-chirurgica","status":"publish","type":"post","link":"https:\/\/www.messinaoggi.it\/website\/2022\/12\/30\/cadaver-lab-a-palermo-nuovi-corsi-per-la-formazione-chirurgica\/","title":{"rendered":"Cadaver Lab, a Palermo nuovi corsi per la formazione chirurgica"},"content":{"rendered":"<div>\n<p>PALERMO (ITALPRESS) \u2013 Apprendere come eseguire interventi chirurgici attraverso la formazione sui cadaveri. E\u2019 l\u2019obiettivo dei Cadaver Lab realizzati dall\u2019istituto di Anatomia Umana del Policlinico \u201cPaolo Giaccone\u201d di Palermo, organizzati dal Centro Interdipartimentale di Ricerca per la Valorizzazione del corpo donato alla scienza e col patrocinio del Dipartimento di Biomedicina, Neuroscienze e Diagnostica avanzata, della Scuola di Medicina e Chirurgia e dell\u2019Azienda Ospedaliera Universitaria Policlinico. I corsi vedranno la partecipazione di illustri relatori italiani e stranieri, dando modo a specializzandi e specialisti di formarsi negli ambiti dell\u2019anatomia clinica e chirurgica delle regioni della testa e collo e degli arti. <br \/>\u201cDa anni ci occupiamo di organizzare i cadaver lab e hanno avuto sempre un grande successo in termini di partecipazione e soddisfazione dei discenti. Questo ci incoraggia ogni anno ad organizzarne sempre pi\u00f9 numerosi e pi\u00f9 interessanti \u2013 ha detto Francesco Cappello, ordinario di Anatomia Umana dell\u2019Universit\u00e0 degli Studi di Palermo -. Anche per il 2023 l\u2019offerta di questi corsi prevede la possibilit\u00e0 per i discenti di apprendere non solo informazioni pratiche di anatomia clinica, ma anche riguardanti varie tecniche chirurgiche principalmente per il distretto testa-collo quindi di interesse otorinolaringoiatrico e anche di chirurgia maxillo-facciale, oculistico, neurochirurgico. Poi ne stiamo organizzando anche degli altri di interesse ortopedico e per la chirurgia generale.<br \/>Speriamo anche, con il contributo dell\u2019azienda ospedaliera universitaria Policlinico, di poter presentare nelle prossime settimane un\u2019ampia offerta formativa per specializzandi e specialisti nelle varie branche\u201d. Cappello \u00e8 stato da pochi giorni nominato dal rettore,Massimo Midiri, pro rettore alla vita studentesca: \u201cE\u2019 una grande responsabilit\u00e0, perch\u00e8 gli studenti sono il cuore dell\u2019universit\u00e0. La nostra attenzione \u00e8 volta a migliorare i servizi. Oggi stiamo parlando soprattutto di attivit\u00e0 che riguardano la scuola di medicina e chirurgia, ma questa stessa attenzione dovr\u00e0 essere posta anche agli studenti di altri indirizzi di studio\u201d. I cadaver lab in Italia sono pochissimi e Palermo \u00e8 una delle poche citt\u00e0 nelle quali negli ultimi anni ne sono stati realizzati 15 con pi\u00f9 di 100 partecipanti. \u201cIl rapporto di collaborazione tra universit\u00e0 e Policlinico \u00e8 forte e in linea con le attese sia della comunit\u00e0 accademica che della realt\u00e0 assistenziale che io rappresento \u2013 ha sottolineato Salvatore Iacolino, nuovo commissario del Policlinico -. Col professore Cappello c\u2019\u00e8 una lunga amicizia che poi si \u00e8 concretizzata in rapporti di collaborazione che testimoniano la grande sintonia che c\u2019\u00e8 tra la azienda ospedaliera e l\u2019ateneo. Sono attivit\u00e0 che sono state avviate gi\u00e0 da cinque anni e che sono state incrementate e il nostro obiettivo \u00e8 quello di consolidarle nel tempo\u201d. <br \/>I corsi sono il fiore all\u2019occhiello, ma Iacolino ha anche in programma il raggiungimento di altri traguardi: \u201cCi sono diverse priorit\u00e0 tra cui l\u2019attivazione di un\u2019area di emergenza e di un complesso operatorio che da troppo tempo si attende la comunit\u00e0 palermitana, poi c\u2019\u00e8 l\u2019esigenza di dare un assetto stabile alle funzioni apicali, ci sono 14 carenze che stiamo provando a colmare con procedure che abbiamo portato in fase avanzata nelle le ultime settimane. Inoltre c\u2019\u00e8 anche l\u2019esigenza di stabilizzare il personale in servizio e di garantire quella unitariet\u00e0 tra le funzioni di ateneo e l\u2019attivit\u00e0 assistenziale \u2013 ha sottolineato Iacolino -. Dobbiamo garantire un\u2019attivit\u00e0 assistenziale che sia in grado di poter soddisfare le esigenze degli assistiti, sia attraverso una modernizzazione delle attrezzature che un sistema complessivo che garantisca sicurezza e maggiore decoro ad una struttura che \u00e8 prestigiosa e come tale va trattata\u201d.<br \/>-foto xd6-<br \/>(ITALPRESS).<div id=\"div-gpt-ad-Messinaoggi.it-DSK-300x250-corpoart\" style=\"text-align:center;margin:0 auto;\"><\/div><\/p>\n<\/div>\n<div id=\"videoincontent\" style=\"clear:both\";><\/div>","protected":false},"excerpt":{"rendered":"<p>PALERMO (ITALPRESS) \u2013 Apprendere come eseguire interventi chirurgici attraverso la formazione sui cadaveri. E\u2019 l\u2019obiettivo dei Cadaver Lab realizzati dall\u2019istituto di Anatomia Umana del Policlinico \u201cPaolo Giaccone\u201d di Palermo, organizzati dal Centro Interdipartimentale di Ricerca per la Valorizzazione del corpo donato alla scienza e col patrocinio del Dipartimento di Biomedicina, Neuroscienze e Diagnostica avanzata, della [&hellip;]<\/p>\n","protected":false},"author":18,"featured_media":135999,"comment_status":"closed","ping_status":"closed","sticky":false,"template":"","format":"standard","meta":{"ub_ctt_via":"","_mi_skip_tracking":false},"categories":[2449],"tags":[783],"featured_image_src":"https:\/\/www.messinaoggi.it\/website\/wp-content\/uploads\/2022\/12\/20221230_0202.jpg","author_info":{"display_name":"Admin","author_link":"https:\/\/www.messinaoggi.it\/website\/author\/admin\/"},"digistream_id":0,"digistream":false,"_links":{"self":[{"href":"https:\/\/www.messinaoggi.it\/website\/wp-json\/wp\/v2\/posts\/135998"}],"collection":[{"href":"https:\/\/www.messinaoggi.it\/website\/wp-json\/wp\/v2\/posts"}],"about":[{"href":"https:\/\/www.messinaoggi.it\/website\/wp-json\/wp\/v2\/types\/post"}],"author":[{"embeddable":true,"href":"https:\/\/www.messinaoggi.it\/website\/wp-json\/wp\/v2\/users\/18"}],"replies":[{"embeddable":true,"href":"https:\/\/www.messinaoggi.it\/website\/wp-json\/wp\/v2\/comments?post=135998"}],"version-history":[{"count":0,"href":"https:\/\/www.messinaoggi.it\/website\/wp-json\/wp\/v2\/posts\/135998\/revisions"}],"wp:featuredmedia":[{"embeddable":true,"href":"https:\/\/www.messinaoggi.it\/website\/wp-json\/wp\/v2\/media\/135999"}],"wp:attachment":[{"href":"https:\/\/www.messinaoggi.it\/website\/wp-json\/wp\/v2\/media?parent=135998"}],"wp:term":[{"taxonomy":"category","embeddable":true,"href":"https:\/\/www.messinaoggi.it\/website\/wp-json\/wp\/v2\/categories?post=135998"},{"taxonomy":"post_tag","embeddable":true,"href":"https:\/\/www.messinaoggi.it\/website\/wp-json\/wp\/v2\/tags?post=135998"}],"curies":[{"name":"wp","href":"https:\/\/api.w.org\/{rel}","templated":true}]}}