{"id":135963,"date":"2022-12-29T21:07:55","date_gmt":"2022-12-29T20:07:55","guid":{"rendered":"https:\/\/www.messinaoggi.it\/website\/2022\/12\/29\/calcio-in-lutto-a-82-anni-e-morto-pele\/"},"modified":"2022-12-29T21:07:55","modified_gmt":"2022-12-29T20:07:55","slug":"calcio-in-lutto-a-82-anni-e-morto-pele","status":"publish","type":"post","link":"https:\/\/www.messinaoggi.it\/website\/2022\/12\/29\/calcio-in-lutto-a-82-anni-e-morto-pele\/","title":{"rendered":"Calcio in lutto, a 82 anni \u00e8 morto Pel\u00e8"},"content":{"rendered":"<div>SAN PAOLO (BRASILE) (ITALPRESS) &#8211;\u00a0Uno dei pi\u00f9 grandi, per molti il pi\u00f9 grande di sempre. Il mondo del calcio piange la\u00a0 comparsa di Edson Arantes do Nascimento, per tutti Pel\u00e9, che saluta il suo Brasile e il mondo all&#8217;et\u00e0 di 82 anni, dopo aver combattuto per diverso tempo la sua partita pi\u00f9 difficile, quella contro un tumore al colon per il quale era stato operato nel settembre 2021. Il calcio nel sangue (suo padre Dondinho aveva giocato nella Fluminense), cresciuto nella povera Bauru, quello che un giorno sarebbe diventato O&#8217;Rei (do Futebol) si guadagnava da vivere pulendo scarpe, fino a quando l&#8217;ex Nazionale brasiliano Waldemar<br \/>\nde Brito non lo not\u00f2, spingendolo a fare un provino per il Santos. E l&#8217;allora 15enne Edson\u00a0 non ci mise molto a far capire di essere un predestinato. Pel\u00e8 &#8211; un soprannome che gli era stato affibbiato da bambino, per quella sua incerta pronuncia, quando parlava del suo giocatore preferito, il portiere del Vasco da Gama Bil\u00e9, ma il suo talento lo porter\u00e0 lontano dai pali &#8211; dopo una stagione nelle giovanili, il 7 settembre 1956 debutta in prima squadra e va subito in gol: a 16 anni diventa il capocannoniere del campionato paulista e per lui arriva anche la chiamata in Nazionale.<br \/>\nPel\u00e9 brucia le tappe e al Mondiale del 1958 (a soli 17 anni) \u00e8 lui a trascinare la Selecao verso quella prima vittoria iridata, che canceller\u00e0 l&#8217;onta del Maracanazo: tripletta alla Francia in semifinale, sei gol in tutto il torneo, compreso quello in finale contro la Svezia.<br \/>\nQuattro anni dopo arriv\u00f2 a giocare solo la prima partita (assist e gol nel 2-0 al Messico), poi fece lo spettatore del secondo trionfo verdeoro. Nel 1966 l&#8217;unico Mondiale andato male,\u00a0 prima di rifarsi nel 1970, quando era la stella pi\u00f9 lucente di una delle squadre pi\u00f9 forti della storia, capace di conquistare la sua terza (e definitiva) Coppa Rimet, schiantando in finale l&#8217;Italia, appannata dopo il 4-3 ai supplementari contro la Germania. La sua carriera in Nazionale si chiuse di fatto l\u00ec (77 reti in 92 partite, record che nessuno ha ancora battuto), mentre a livello di club vestir\u00e0 solo una maglia, quella del Santos, prima di chiudere la carriera negli Usa, al New York Cosmos. Col Peixe, in 19 stagioni, vince sei titoli brasiliani oltre a 10 affermazioni nel campionato paulista, a due Libertadores e ad altrettante Coppe<br \/>\nIntercontinentali.<br \/>\nI gol? Ufficialmente i conti parlano di 750, 760 ma O&#8217;Rei se ne attribuiva quasi 1.300 (1.283 per l&#8217;esattezza), considerando anche amichevoli e altre uscite. Atleta del Secolo per il Cio, Giocatore del Secolo per l&#8217;Iffhs, il pi\u00f9 grande per la Fifa, Pel\u00e9 ha scritto la storia, al di l\u00e0 di qualsiasi conteggio realizzativo, per la sua straordinaria capacit\u00e0 di coniugare qualit\u00e0 tecniche e atletiche, che ne facevano un giocatore immarcabile. A queste aggiungeva una rara intelligenza calcistica, che gli permetteva di vedere il gioco come pochi. E O&#8217;Rei ne era consapevole: nemmeno l&#8217;eterno confronto con Maradona o quella parte di critica che gli rimproverava di non essersi mai misurato nel calcio europeo (nel &#8217;58 fu vicino all&#8217;Inter) hanno mai scalfito la sua certezza, ovvero di essere stato il migliore di sempre. Nella sua vita, poi, non si far\u00e0 mancare nulla, dalla politica al cinema (celebri la sua partecipazione al film &#8220;Fuga per la vittoria&#8221; e il cameo nel film biografico &#8220;Pel\u00e9&#8221;), e solo gli acciacchi dell&#8217;et\u00e0 lo porteranno pian piano lontano dalla scena, fino alla sua ultima dolorosa battaglia.<br \/>\n&#8211; foto Image &#8211;<br \/>\n(ITALPRESS).<\/div>\n<div id=\"div-gpt-ad-Messinaoggi.it-DSK-300x250-corpoart\" style=\"text-align:center;margin:0 auto;\"><\/div><\/p><div id=\"videoincontent\" style=\"clear:both\";><\/div>","protected":false},"excerpt":{"rendered":"<p>SAN PAOLO (BRASILE) (ITALPRESS) &#8211;\u00a0Uno dei pi\u00f9 grandi, per molti il pi\u00f9 grande di sempre. Il mondo del calcio piange la\u00a0 comparsa di Edson Arantes do Nascimento, per tutti Pel\u00e9, che saluta il suo Brasile e il mondo all&#8217;et\u00e0 di 82 anni, dopo aver combattuto per diverso tempo la sua partita pi\u00f9 difficile, quella contro [&hellip;]<\/p>\n","protected":false},"author":18,"featured_media":135964,"comment_status":"closed","ping_status":"closed","sticky":false,"template":"","format":"standard","meta":{"ub_ctt_via":"","_mi_skip_tracking":false},"categories":[446],"tags":[783],"featured_image_src":"https:\/\/www.messinaoggi.it\/website\/wp-content\/uploads\/2022\/12\/20221229_1976.jpg","author_info":{"display_name":"Admin","author_link":"https:\/\/www.messinaoggi.it\/website\/author\/admin\/"},"digistream_id":0,"digistream":false,"_links":{"self":[{"href":"https:\/\/www.messinaoggi.it\/website\/wp-json\/wp\/v2\/posts\/135963"}],"collection":[{"href":"https:\/\/www.messinaoggi.it\/website\/wp-json\/wp\/v2\/posts"}],"about":[{"href":"https:\/\/www.messinaoggi.it\/website\/wp-json\/wp\/v2\/types\/post"}],"author":[{"embeddable":true,"href":"https:\/\/www.messinaoggi.it\/website\/wp-json\/wp\/v2\/users\/18"}],"replies":[{"embeddable":true,"href":"https:\/\/www.messinaoggi.it\/website\/wp-json\/wp\/v2\/comments?post=135963"}],"version-history":[{"count":0,"href":"https:\/\/www.messinaoggi.it\/website\/wp-json\/wp\/v2\/posts\/135963\/revisions"}],"wp:featuredmedia":[{"embeddable":true,"href":"https:\/\/www.messinaoggi.it\/website\/wp-json\/wp\/v2\/media\/135964"}],"wp:attachment":[{"href":"https:\/\/www.messinaoggi.it\/website\/wp-json\/wp\/v2\/media?parent=135963"}],"wp:term":[{"taxonomy":"category","embeddable":true,"href":"https:\/\/www.messinaoggi.it\/website\/wp-json\/wp\/v2\/categories?post=135963"},{"taxonomy":"post_tag","embeddable":true,"href":"https:\/\/www.messinaoggi.it\/website\/wp-json\/wp\/v2\/tags?post=135963"}],"curies":[{"name":"wp","href":"https:\/\/api.w.org\/{rel}","templated":true}]}}