{"id":135961,"date":"2022-12-29T21:07:53","date_gmt":"2022-12-29T20:07:53","guid":{"rendered":"https:\/\/www.messinaoggi.it\/website\/2022\/12\/29\/mattarella-firma-la-legge-bilancio\/"},"modified":"2022-12-29T21:07:53","modified_gmt":"2022-12-29T20:07:53","slug":"mattarella-firma-la-legge-bilancio","status":"publish","type":"post","link":"https:\/\/www.messinaoggi.it\/website\/2022\/12\/29\/mattarella-firma-la-legge-bilancio\/","title":{"rendered":"Mattarella firma la legge bilancio"},"content":{"rendered":"<div>ROMA (ITALPRESS) &#8211; Il presidente della Repubblica, Sergio Mattarella, a quanto si apprende, ha firmato la legge di Bilancio. <br \/>Il Capo dello Stato sta preparando il discorso di fine anno, scegliendo come location un&#8217;ala neoclassica del Quirinale. Tra i temi, si parler\u00e0 di guerra, lavoro, con molta attenzione ai giovani e al futuro. Parole chiave: solidariet\u00e0, visione, responsabilit\u00e0, comunit\u00e0.<br \/>-foto agenziafotogramma.it-<br \/>(ITALPRESS).<\/div>\n<div id=\"div-gpt-ad-Messinaoggi.it-DSK-300x250-corpoart\" style=\"text-align:center;margin:0 auto;\"><\/div><\/p><div id=\"videoincontent\" style=\"clear:both\";><\/div>","protected":false},"excerpt":{"rendered":"<p>ROMA (ITALPRESS) &#8211; Il presidente della Repubblica, Sergio Mattarella, a quanto si apprende, ha firmato la legge di Bilancio. Il Capo dello Stato sta preparando il discorso di fine anno, scegliendo come location un&#8217;ala neoclassica del Quirinale. Tra i temi, si parler\u00e0 di guerra, lavoro, con molta attenzione ai giovani e al futuro. Parole chiave: [&hellip;]<\/p>\n","protected":false},"author":18,"featured_media":135962,"comment_status":"closed","ping_status":"closed","sticky":false,"template":"","format":"standard","meta":{"ub_ctt_via":"","_mi_skip_tracking":false},"categories":[446],"tags":[783],"featured_image_src":"https:\/\/www.messinaoggi.it\/website\/wp-content\/uploads\/2022\/12\/20221229_1962.jpg","author_info":{"display_name":"Admin","author_link":"https:\/\/www.messinaoggi.it\/website\/author\/admin\/"},"digistream_id":0,"digistream":false,"_links":{"self":[{"href":"https:\/\/www.messinaoggi.it\/website\/wp-json\/wp\/v2\/posts\/135961"}],"collection":[{"href":"https:\/\/www.messinaoggi.it\/website\/wp-json\/wp\/v2\/posts"}],"about":[{"href":"https:\/\/www.messinaoggi.it\/website\/wp-json\/wp\/v2\/types\/post"}],"author":[{"embeddable":true,"href":"https:\/\/www.messinaoggi.it\/website\/wp-json\/wp\/v2\/users\/18"}],"replies":[{"embeddable":true,"href":"https:\/\/www.messinaoggi.it\/website\/wp-json\/wp\/v2\/comments?post=135961"}],"version-history":[{"count":0,"href":"https:\/\/www.messinaoggi.it\/website\/wp-json\/wp\/v2\/posts\/135961\/revisions"}],"wp:featuredmedia":[{"embeddable":true,"href":"https:\/\/www.messinaoggi.it\/website\/wp-json\/wp\/v2\/media\/135962"}],"wp:attachment":[{"href":"https:\/\/www.messinaoggi.it\/website\/wp-json\/wp\/v2\/media?parent=135961"}],"wp:term":[{"taxonomy":"category","embeddable":true,"href":"https:\/\/www.messinaoggi.it\/website\/wp-json\/wp\/v2\/categories?post=135961"},{"taxonomy":"post_tag","embeddable":true,"href":"https:\/\/www.messinaoggi.it\/website\/wp-json\/wp\/v2\/tags?post=135961"}],"curies":[{"name":"wp","href":"https:\/\/api.w.org\/{rel}","templated":true}]}}