{"id":135900,"date":"2022-12-29T17:07:51","date_gmt":"2022-12-29T16:07:51","guid":{"rendered":"https:\/\/www.messinaoggi.it\/website\/2022\/12\/29\/meloni-mi-fido-degli-alleati-sulle-riforme-nessun-pregiudizio\/"},"modified":"2022-12-29T17:07:51","modified_gmt":"2022-12-29T16:07:51","slug":"meloni-mi-fido-degli-alleati-sulle-riforme-nessun-pregiudizio","status":"publish","type":"post","link":"https:\/\/www.messinaoggi.it\/website\/2022\/12\/29\/meloni-mi-fido-degli-alleati-sulle-riforme-nessun-pregiudizio\/","title":{"rendered":"Meloni \u201cMi fido degli alleati, sulle riforme nessun pregiudizio\u201d"},"content":{"rendered":"<div>ROMA (ITALPRESS) &#8211; Lasciare una nazione orgogliosa e ottimista. E&#8217; il desiderio del presidente del Consiglio Giorgia Meloni, espresso nel corso della sua prima conferenza stampa di fine anno. &#8220;Pi\u00f9 che una conferenza di fine anno \u00e8 una conferenza di inizio mandato&#8221;, ha esordito il premier, al lavoro a Palazzo Chigi da poco pi\u00f9 di due mesi. Meloni ha affrontato subito il tema della manovra economica a pochi minuti dall&#8217;ok di palazzo Madama: &#8220;Approvata un giorno in anticipo rispetto a quelle degli ultimi due anni. C&#8217;\u00e8 stata la volont\u00e0 di lavorare bene e mantenere scadenze e impegni, ci siamo riusciti. Continueremo a lavorare sulla base di quello che accade ma siamo in una situazione di grande emergenza: i provvedimenti energetici costano mediamente 5 miliardi al mese, il tetto al prezzo del gas pu\u00f2 cambiare il quadro, e se dovesse confermarsi cambiato una parte di risorse potrebbe liberarsi per altri provvedimenti&#8221;.<br \/>&#8220;Avendo fatto opposizione per quasi tutta la mia vita politica ho molto rispetto per le opposizioni, quando non c&#8217;\u00e8 un approccio troppo pregiudiziale buone idee possono arrivare. Il dibattito parlamentare \u00e8 utilissimo e il governo intende favorirlo. Avrei voluto dare pi\u00f9 tempo al Parlamento ma fisicamente non sarebbe stato possibile, ma davvero e senza fare polemica, per quelle che sono oggi le opposizioni ricordo che il precedente governo ha depositato in Parlamento la legge di bilancio l&#8217;11 novembre ed era l\u00ec da febbraio. Tra i due il dibattito pi\u00f9 strozzato era l&#8217;anno precedente&#8221;, ha detto rispondendo a una domanda dell&#8217;agenzia Italpress.<br \/>&#8220;Il prossimo anno ci metteremo a lavorare con grande anticipo per consentire di depositare la legge di bilancio nei tempi previsti&#8221;, ha aggiunto.<br \/>In giorni che vedono riavvicinarsi lo spettro dell&#8217;emergenza Covid, Meloni ha rassicurato: &#8220;Ci siamo mossi immediatamente in coerenza con quello che abbiamo chiesto in passato: abbiamo disposto il tampone per tutti quelli che vengono dalla Cina. Abbiamo bisogno di capire se quello che sta arrivando \u00e8 coperto dai vaccini o no, la situazione ora \u00e8 abbastanza sotto controllo&#8221;. Tornando sul fronte politico, Meloni pu\u00f2 contare su alleati fidati: &#8220;Ci sono dibattiti naturali all&#8217;interno di una maggioranza, delle sfumature diverse nei programmi dei singoli partiti, ma c&#8217;\u00e8 una visione comune. Trovo un clima assolutamente positivo nella maggioranza, non posso lamentarmi e non lo dico per fatto dovuto&#8221;. Fronte aperto quello del reddito di cittadinanza: &#8220;Si deve affrontare la sfida della possibilit\u00e0 di far trovare un posto di lavoro. Mentre spendevamo 8 miliardi per dare il reddito di cittadinanza a chi poteva lavorare, l&#8217;Italia non spendeva 8 miliardi del fondo sociale europeo, dedicato alla formazione. Quindi abbiamo 8 miliardi non utilizzati del fondo sociale, 13 miliardi della nuova programmazione e il Pnrr. Parliamo di molti soldi&#8221;. <br \/>&#8220;Sento il peso di Draghi? S\u00ec e mi fa piacere misurarmi con persone capaci e autorevoli, \u00e8 stata la sfida di tutta la mia vita, a me non \u00e8 mai piaciuto vincere facile, a me piacciono le cose che mi stimolano. Stiamo difendendo questa nazione nel migliore dei modi&#8221;, ha detto il premier, che sul capitolo migranti ha chiarito: &#8220;La mia ipotesi \u00e8 una missione europea, in accordo con le autorit\u00e0 nordafricane, per bloccare le partenze, formare degli hotspot e ridistribuire rifugiati in Europa. Abbiamo posto alcune questioni a livello europeo che consentono oggi di discutere questa materia, come finora non \u00e8 stato fatto adeguatamente&#8221;. <br \/>Tra le priorit\u00e0 del presidente del Consiglio ci sono le riforme istituzionali: &#8220;Confermo che per me una delle priorit\u00e0 \u00e8 quella di riformare le istituzioni in questa legislatura, credo si possa solo fare bene all&#8217;Italia con una riforma che consenta di avere stabilit\u00e0 e di avere governi che siano frutto delle indicazioni popolari. Sono sempre partita dal semipresidenzialismo alla francese, un modello sul quale c&#8217;era maggiore convergenza. Io vorrei fare una riforma il pi\u00f9 possibile condivisa. Io questa riforma la voglia fare, non ho pregiudizi&#8221;. Poi, rivendica tutto quello fatto fino ad ora al governo: &#8220;Tutto quello che \u00e8 stato fatto al governo \u00e8 di destra, coerente con quello che credo, il mio atteggiamento verso questa esperienza  di governo non \u00e8 sopravvivere. Rivendico tutto quello fatto fin&#8217;ora e  mi piacerebbe lasciare una nazione orgogliosa, ottimista, l&#8217;unico posto in cui non c&#8217;\u00e8 stima dell&#8217;Italia \u00e8 tragicamente all&#8217;interno dei nostri confini nazionali&#8221;.<br \/>&#8220;Credo che andr\u00f2 a Kiev prima della fine di febbraio, ovvero prima dell&#8217;anniversario dell&#8217;invasione che cade il 24 febbraio&#8221;, annuncia Meloni. &#8220;Spero che prima o poi il governo russo si renda conto dell&#8217;errore che sta facendo e decida di fermare questa incomprensibile e inaccettabile guerra di aggressione. Fino a quando non accadr\u00e0 difenderemo l&#8217;Ucraina e la libert\u00e0 di una nazione che sta dimostrando quanto creda nella sua libert\u00e0 e nell&#8217;amore della propria patria&#8221;, l&#8217;auspicio del premier che, ancora una volta, ribadisce il sostegno dell&#8217;esecutivo all&#8217;Ucraina. &#8220;Storicamente i rapporti tra Italia e Russia sono solidi e antichi&#8221; dice, augurandosi che le &#8220;scelte politiche non ricadano sui cittadini che i politici rappresentano e io voglio distinguere le due cose&#8221;. <br \/>&#8220;Ci\u00f2 non toglie che quelle scelte sul piano politico ci sono, sono scelte di violazione del diritto internazionale che &#8211; spiega &#8211; se la comunit\u00e0 dovesse accettare farebbero crollare l&#8217;intero castello della costruzione giuridica internazionale. Temo che il principio che la Russia rischia di voler far passare con l&#8217;invasione dell&#8217;Ucraina sia poco conveniente, ovvero che chi \u00e8 militarmente pi\u00f9 forte pu\u00f2 invadere il vicino, per noi questo \u00e8 inaccettabile. Alle nostre imprese e ai nostri cittadini pu\u00f2 mancare il turismo russo, ma ci sono cose che non si possono piegare ai nostri desideri&#8221;. Meloni parla poi delle proteste che infiammano l&#8217;Iran da settimane e, nel ricordare la convocazione dell&#8217;ambasciatore iraniano avvenuta proprio ieri dal titolare della Farnesina Antonio Tajani, osserva: &#8220;Per noi \u00e8 inaccettabile e l&#8217;Italia non intende tollerare oltre. Abbiamo avuto finora un approccio dialogante, ma \u00e8 inevitabile che se queste repressioni nei confronti dei manifestanti non dovessero cessare, l&#8217;atteggiamento dell&#8217;Italia cambier\u00e0. Il come credo debba essere oggetto di una interlocuzione a livello internazionale e con gli alleati, dobbiamo capire come la nostra azione dovr\u00e0 essere pi\u00f9 incisiva&#8221;. <div id=\"div-gpt-ad-Messinaoggi.it-DSK-300x250-corpoart\" style=\"text-align:center;margin:0 auto;\"><\/div><\/p>\n<p>&#8211; foto Agenziafotogramma.it &#8211;<div id=\"videoincontent\" style=\"clear:both\";><\/div><\/p>\n<p>(ITALPRESS).<\/p><\/div>\n","protected":false},"excerpt":{"rendered":"<p>ROMA (ITALPRESS) &#8211; Lasciare una nazione orgogliosa e ottimista. E&#8217; il desiderio del presidente del Consiglio Giorgia Meloni, espresso nel corso della sua prima conferenza stampa di fine anno. &#8220;Pi\u00f9 che una conferenza di fine anno \u00e8 una conferenza di inizio mandato&#8221;, ha esordito il premier, al lavoro a Palazzo Chigi da poco pi\u00f9 di [&hellip;]<\/p>\n","protected":false},"author":18,"featured_media":135901,"comment_status":"closed","ping_status":"closed","sticky":false,"template":"","format":"standard","meta":{"ub_ctt_via":"","_mi_skip_tracking":false},"categories":[446],"tags":[783],"featured_image_src":"https:\/\/www.messinaoggi.it\/website\/wp-content\/uploads\/2022\/12\/20221229_1504.jpg","author_info":{"display_name":"Admin","author_link":"https:\/\/www.messinaoggi.it\/website\/author\/admin\/"},"digistream_id":0,"digistream":false,"_links":{"self":[{"href":"https:\/\/www.messinaoggi.it\/website\/wp-json\/wp\/v2\/posts\/135900"}],"collection":[{"href":"https:\/\/www.messinaoggi.it\/website\/wp-json\/wp\/v2\/posts"}],"about":[{"href":"https:\/\/www.messinaoggi.it\/website\/wp-json\/wp\/v2\/types\/post"}],"author":[{"embeddable":true,"href":"https:\/\/www.messinaoggi.it\/website\/wp-json\/wp\/v2\/users\/18"}],"replies":[{"embeddable":true,"href":"https:\/\/www.messinaoggi.it\/website\/wp-json\/wp\/v2\/comments?post=135900"}],"version-history":[{"count":0,"href":"https:\/\/www.messinaoggi.it\/website\/wp-json\/wp\/v2\/posts\/135900\/revisions"}],"wp:featuredmedia":[{"embeddable":true,"href":"https:\/\/www.messinaoggi.it\/website\/wp-json\/wp\/v2\/media\/135901"}],"wp:attachment":[{"href":"https:\/\/www.messinaoggi.it\/website\/wp-json\/wp\/v2\/media?parent=135900"}],"wp:term":[{"taxonomy":"category","embeddable":true,"href":"https:\/\/www.messinaoggi.it\/website\/wp-json\/wp\/v2\/categories?post=135900"},{"taxonomy":"post_tag","embeddable":true,"href":"https:\/\/www.messinaoggi.it\/website\/wp-json\/wp\/v2\/tags?post=135900"}],"curies":[{"name":"wp","href":"https:\/\/api.w.org\/{rel}","templated":true}]}}