{"id":13583,"date":"2017-12-26T09:58:10","date_gmt":"2017-12-26T08:58:10","guid":{"rendered":"http:\/\/www.messinaoggi.it\/website\/?p=13583"},"modified":"2017-12-26T09:58:10","modified_gmt":"2017-12-26T08:58:10","slug":"piano-di-riequilibrio-anche-signorino-esulta-un-successo-per-lamministrazione","status":"publish","type":"post","link":"https:\/\/www.messinaoggi.it\/website\/2017\/12\/26\/piano-di-riequilibrio-anche-signorino-esulta-un-successo-per-lamministrazione\/","title":{"rendered":"Piano di Riequilibrio, anche Signorino esulta: &quot;Un successo per l&#039;Amministrazione&quot;"},"content":{"rendered":"<p style=\"text-align: justify;\">Il Piano di Riequilibrio dovr\u00e0 tornare in Consiglio comunale per l\u2019ennesimo via libera, almeno cos\u00ec \u00e8 stato stabilito dalla Legge di Bilancio 2018. Il documento \u00e8 stato varato dal documento nazionale il 23 dicembre scorso, cos\u00ec le amministrazioni che si sono affidate al Piano per ridimensionare la propria massa debitoria, potranno basare la delibera non pi\u00f9 su scala decennale ma su quindici o vent\u2019anni. Esattamente come pi\u00f9 volte auspicato dall\u2019Amministrazione Accorinti.<div id=\"div-gpt-ad-Messinaoggi.it-DSK-300x250-corpoart\" style=\"text-align:center;margin:0 auto;\"><\/div><\/p>\n<p style=\"text-align: justify;\">Dopo l\u2019assessore al Bilancio, Cuzzola, anche il vicesindaco, Guido Signorino si dice soddisfatto delle notizie che arrivano da Roma: <em>\u201cUn grande successo politico per l&#8217;amministrazione Accorinti. La Legge di Bilancio 2018 approvata il 23 dicembre in Senato riconosce il punto sostenuto da tempo dalla nostra amministrazione e porta da 10 a 15 o 20 anni la durata dei piani di riequilibrio.<\/em><div id=\"videoincontent\" style=\"clear:both\";><\/div><\/p>\n<p style=\"text-align: justify;\"><em>Abbiamo convinto Anci, governo e parlamento che la nostra proposta era giusta: bisogna coniugare equit\u00e0 (\u00e8 giusto fare ogni sforzo per pagare i debiti) e sostenibilit\u00e0 sociale (\u00e8 ingiusto comprimere i servizi in maniera eccessiva, facendo pagare ai cittadini pi\u00f9 deboli il risanamento). Adesso i Comuni in predissesto potranno rivedere i propri percorsi costruendo piani pi\u00f9 equi e sostenibili\u201d.<\/em><\/p>\n","protected":false},"excerpt":{"rendered":"<p>Il Piano di Riequilibrio dovr\u00e0 tornare in Consiglio comunale per l\u2019ennesimo via libera, almeno cos\u00ec \u00e8 stato stabilito dalla Legge di Bilancio 2018. Il documento \u00e8 stato varato dal documento nazionale il 23 dicembre scorso, cos\u00ec le amministrazioni che si sono affidate al Piano per ridimensionare la propria massa debitoria, potranno basare la delibera non [&hellip;]<\/p>\n","protected":false},"author":2,"featured_media":9351,"comment_status":"closed","ping_status":"open","sticky":false,"template":"","format":"standard","meta":{"ub_ctt_via":"","_mi_skip_tracking":false},"categories":[4],"tags":[],"featured_image_src":"https:\/\/www.messinaoggi.it\/website\/wp-content\/uploads\/2017\/10\/comm-bilancio-signorinoRRP_9924.jpg","author_info":{"display_name":"Redazione","author_link":"https:\/\/www.messinaoggi.it\/website\/author\/redazione\/"},"digistream_id":0,"digistream":false,"_links":{"self":[{"href":"https:\/\/www.messinaoggi.it\/website\/wp-json\/wp\/v2\/posts\/13583"}],"collection":[{"href":"https:\/\/www.messinaoggi.it\/website\/wp-json\/wp\/v2\/posts"}],"about":[{"href":"https:\/\/www.messinaoggi.it\/website\/wp-json\/wp\/v2\/types\/post"}],"author":[{"embeddable":true,"href":"https:\/\/www.messinaoggi.it\/website\/wp-json\/wp\/v2\/users\/2"}],"replies":[{"embeddable":true,"href":"https:\/\/www.messinaoggi.it\/website\/wp-json\/wp\/v2\/comments?post=13583"}],"version-history":[{"count":0,"href":"https:\/\/www.messinaoggi.it\/website\/wp-json\/wp\/v2\/posts\/13583\/revisions"}],"wp:featuredmedia":[{"embeddable":true,"href":"https:\/\/www.messinaoggi.it\/website\/wp-json\/wp\/v2\/media\/9351"}],"wp:attachment":[{"href":"https:\/\/www.messinaoggi.it\/website\/wp-json\/wp\/v2\/media?parent=13583"}],"wp:term":[{"taxonomy":"category","embeddable":true,"href":"https:\/\/www.messinaoggi.it\/website\/wp-json\/wp\/v2\/categories?post=13583"},{"taxonomy":"post_tag","embeddable":true,"href":"https:\/\/www.messinaoggi.it\/website\/wp-json\/wp\/v2\/tags?post=13583"}],"curies":[{"name":"wp","href":"https:\/\/api.w.org\/{rel}","templated":true}]}}