{"id":135792,"date":"2022-12-29T00:47:50","date_gmt":"2022-12-28T23:47:50","guid":{"rendered":"https:\/\/www.messinaoggi.it\/website\/2022\/12\/28\/caro-voli-schifani-combattiamo-scandalo-lazzerini-nessun-cartello\/"},"modified":"2022-12-29T01:13:31","modified_gmt":"2022-12-29T00:13:31","slug":"caro-voli-schifani-combattiamo-scandalo-lazzerini-nessun-cartello","status":"publish","type":"post","link":"https:\/\/www.messinaoggi.it\/website\/2022\/12\/29\/caro-voli-schifani-combattiamo-scandalo-lazzerini-nessun-cartello\/","title":{"rendered":"Caro voli, Schifani \u201cCombattiamo scandalo\u201d, Lazzerini \u201cNessun cartello\u201d"},"content":{"rendered":"<div>\n<p>CATANIA (ITALPRESS) \u2013 \u201cMi pare che i primi risultati si vedano. L\u2019Antitrust ha acceso i suoi fari e gi\u00e0 questo \u00e8 un grande risultato. Era una situazione inaccettabile. Abbiamo segnalato questo fatto. Ci spiace che una societ\u00e0 pubblica come Ita abbia potuto fare un cartello con un altro socio privato. Adesso saranno le autorit\u00e0 preposte a fare questa valutazione. Noi continueremo naturalmente a batterci per eliminare questo scandalo. A noi interessa la valutazione da parte dei cittadini che possano accedere alla loro terra con un prezzo umano e non con dei prezzi disumani. Questo si attiva denunciando le anomalie e aumentando il numero dei vettori\u201d. Cos\u00ec il presidente della Regione Siciliana, Renato Schifani, in merito al caro prezzi dei voli da e per la Sicilia, a margine di un\u2019iniziativa all\u2019aeroporto di Catania, in occasione del raggiungimento dei dieci milioni di passeggeri. A stretto giro la replica dell\u2019amministratore delegato di Ita Airways che, a margine, dell\u2019evento ha detto: \u201cNon \u00e8 stato fatto nessun cartello in assoluto. Peraltro \u00e8 stato fatto un esposto all\u2019Antitrust e alla Guardia di Finanza. Stanno facendo i loro rilievi\u201d.<br \/>(ITALPRESS).<br \/>-foto ufficio stampa Ita Airways-<div id=\"div-gpt-ad-Messinaoggi.it-DSK-300x250-corpoart\" style=\"text-align:center;margin:0 auto;\"><\/div><\/p>\n<\/div>\n<div id=\"videoincontent\" style=\"clear:both\";><\/div>","protected":false},"excerpt":{"rendered":"<p>CATANIA (ITALPRESS) \u2013 \u201cMi pare che i primi risultati si vedano. L\u2019Antitrust ha acceso i suoi fari e gi\u00e0 questo \u00e8 un grande risultato. Era una situazione inaccettabile. Abbiamo segnalato questo fatto. Ci spiace che una societ\u00e0 pubblica come Ita abbia potuto fare un cartello con un altro socio privato. Adesso saranno le autorit\u00e0 preposte [&hellip;]<\/p>\n","protected":false},"author":18,"featured_media":135793,"comment_status":"closed","ping_status":"closed","sticky":false,"template":"","format":"standard","meta":{"ub_ctt_via":"","_mi_skip_tracking":false},"categories":[4,2449],"tags":[783],"featured_image_src":"https:\/\/www.messinaoggi.it\/website\/wp-content\/uploads\/2022\/12\/20221228_1889.jpg","author_info":{"display_name":"Admin","author_link":"https:\/\/www.messinaoggi.it\/website\/author\/admin\/"},"digistream_id":0,"digistream":false,"_links":{"self":[{"href":"https:\/\/www.messinaoggi.it\/website\/wp-json\/wp\/v2\/posts\/135792"}],"collection":[{"href":"https:\/\/www.messinaoggi.it\/website\/wp-json\/wp\/v2\/posts"}],"about":[{"href":"https:\/\/www.messinaoggi.it\/website\/wp-json\/wp\/v2\/types\/post"}],"author":[{"embeddable":true,"href":"https:\/\/www.messinaoggi.it\/website\/wp-json\/wp\/v2\/users\/18"}],"replies":[{"embeddable":true,"href":"https:\/\/www.messinaoggi.it\/website\/wp-json\/wp\/v2\/comments?post=135792"}],"version-history":[{"count":1,"href":"https:\/\/www.messinaoggi.it\/website\/wp-json\/wp\/v2\/posts\/135792\/revisions"}],"predecessor-version":[{"id":135803,"href":"https:\/\/www.messinaoggi.it\/website\/wp-json\/wp\/v2\/posts\/135792\/revisions\/135803"}],"wp:featuredmedia":[{"embeddable":true,"href":"https:\/\/www.messinaoggi.it\/website\/wp-json\/wp\/v2\/media\/135793"}],"wp:attachment":[{"href":"https:\/\/www.messinaoggi.it\/website\/wp-json\/wp\/v2\/media?parent=135792"}],"wp:term":[{"taxonomy":"category","embeddable":true,"href":"https:\/\/www.messinaoggi.it\/website\/wp-json\/wp\/v2\/categories?post=135792"},{"taxonomy":"post_tag","embeddable":true,"href":"https:\/\/www.messinaoggi.it\/website\/wp-json\/wp\/v2\/tags?post=135792"}],"curies":[{"name":"wp","href":"https:\/\/api.w.org\/{rel}","templated":true}]}}