{"id":135748,"date":"2022-12-28T16:17:52","date_gmt":"2022-12-28T15:17:52","guid":{"rendered":"https:\/\/www.messinaoggi.it\/website\/2022\/12\/28\/aeroporto-di-catania-raggiunti-10-milioni-di-passeggeri-nel-2022\/"},"modified":"2022-12-28T16:54:36","modified_gmt":"2022-12-28T15:54:36","slug":"aeroporto-di-catania-raggiunti-10-milioni-di-passeggeri-nel-2022","status":"publish","type":"post","link":"https:\/\/www.messinaoggi.it\/website\/2022\/12\/28\/aeroporto-di-catania-raggiunti-10-milioni-di-passeggeri-nel-2022\/","title":{"rendered":"Aeroporto di Catania, raggiunti 10 milioni di passeggeri nel 2022"},"content":{"rendered":"<div>\n<p>CATANIA (ITALPRESS) \u2013 L\u2019aeroporto di Catania ha superato oggi i dieci milioni di passeggeri transitati nello scalo durante il 2022, eguagliando in questo modo il dato del 2019, ultimo anno di normalit\u00e0 prima dell\u2019emergenza Covid. Il risultato \u00e8 stato festeggiato con un evento che ha riunito nello scalo catanese i vertici dell\u2019aviazione commerciale italiana e della politica siciliana, insieme ai passeggeri, alle compagnie aeree, agli operatori aeroportuali, agli enti di Stato e al management della societ\u00e0 di gestione Sac.<br \/>Erano presenti la presidente e l\u2019amministratore delegato di Sac, Giovanna Candura e Nico Torrisi, insieme ai componenti del CdA, il vicepresidente Marco Romano e le consigliere Carola Parano e Maria Elena Scuderi, il Presidente e il Direttore Generale di Enac, Pierluigi Di Palma e Alessio Quaranta, l\u2019Amministratore delegato di ITA Airways Fabio Lazzerini, oltre al Presidente dell\u2019Assemblea Regionale Siciliana, Gaetano Galvagno e al Presidente della Regione Siciliana, Renato Schifani.<br \/>Nell\u2019area antistante i banchi check-in della compagnia ITA Airways \u00e8 stato premiato il diecimilionesimo passeggero del 2022: la signora Isabella, residente a Rosolini, che ha ricevuto un biglietto omaggio dall\u2019amministratore delegato della compagnia aerea, Fabio Lazzerini, dalla presidente della Sac, Giovanna Candura e dall\u2019amministratore delegato Nico Torrisi. Nel frattempo, l\u2019artista Tot\u00f2 Cal\u00ec realizzava un simbolico ritratto del fortunato viaggiatore che verr\u00e0 esposto nello scalo a ricordo dell\u2019evento. <br \/>\u201cE\u2019 un risultato non scontato, che premia il grande lavoro svolto in questi anni cos\u00ec difficili durante i quali il comparto dell\u2019aviazione commerciale \u00e8 stato sicuramente tra i pi\u00f9 colpiti. Tre anni di pandemia e di restrizioni sui viaggi, soprattutto internazionali, che ora sono fortunatamente alle nostre spalle, hanno messo a dura prova le capacit\u00e0 di resilienza degli scali. Ma noi tutti abbiamo dimostrato di saper fronteggiare difficolt\u00e0 enormi senza mai perdere di vista i nostri obiettivi: quelli di consentire ai passeggeri di volare in tutta sicurezza e serenit\u00e0, garantendo e migliorando i servizi aeroportuali e facendo la nostra parte sia per assicurare ai siciliani la mobilit\u00e0 -oltre che verso tutte le destinazioni nazionali, anche su Europa, Africa e Medio Oriente- sia per favorire la crescita turistica della nostra Regione, che i dati confermano essere sempre pi\u00f9 attrattiva\u201d, hanno commentato Giovanna Candura e Nico Torrisi, aggiungendo: \u201cLa qualifica di \u2018Hub del Mediterrane\u00f2 che Enac ci ha destinato non \u00e8 altro che uno sprone per fare sempre meglio per consolidare il nostro ruolo di scalo strategico per tutto il bacino del Mediterraneo, oltre che per le mete europee gi\u00e0 servite da anni e che stiamo ulteriormente incrementando. I nostri ringraziamenti vanno ai passeggeri, alle compagnie aeree, ai dipendenti e collaboratori aeroportuali, alle societ\u00e0 di handling, agli enti di Stato e alle forze dell\u2019ordine\u201d.<br \/>\u201cAver raggiunto oggi i 10 milioni di passeggeri significa aver superato il periodo legato alla pandemia, e questo testimonia quanto il sistema aeroportuale nazionale sappia riprendersi velocemente anche da eventi inaspettati e altamente impattanti. Ringraziamo la SAC e il presidente della Regione per aver anche dato un segnale forte rispetto alle esigenze dei siciliani e al diritto alla mobilit\u00e0, un principio che va difeso strenuamente e che solo il collegamento aereo pu\u00f2 garantire in maniera efficace e continuativa\u201d, hanno dichiarato Pierluigi Di Palma e Alessio Quaranta, rispettivamente Presidente e Direttore generale Enac.<br \/>\u201cIl traguardo raggiunto oggi \u00e8 motivo di orgoglio: l\u2019aeroporto di Catania \u00e8 uno degli scali pi\u00f9 importanti d\u2019Italia e di questo siamo molto soddisfatti. E\u2019 nostra responsabilit\u00e0 lavorare ancora pi\u00f9 intensamente per consentire, in sinergia con il governo nazionale, di aumentare il numero di voli in modo da permettere ai siciliani di spostarsi a prezzi contenuti e ai turisti di raggiungere la nostra Isola pi\u00f9 agevolmente\u201d, ha dichiarato Gaetano Galvagno, Presidente dell\u2019Assemblea Regionale Siciliana.<br \/>\u201cL\u2019aeroporto di Catania ha superato la pandemia, tornando ai livelli di crescita del 2019. Un dato che ci consente di guardare al futuro con rinnovato ottimismo. La Regione ha gi\u00e0 fatto la sua parte sulle infrastrutture, prima spingendo per la realizzazione della stazione \u2018Fontanaross\u00e0 e di recente dando il via libera al progetto per l\u2019interramento della ferrovia che consentir\u00e0 di allungare la pista. Il \u2018Vincenzo Bellin\u00ec, insieme con l\u2019aeroporto di Comiso, pu\u00f2 essere a pieno titolo un Hub del Mediterraneo, facendo da volano all\u2019economia di tutta la Sicilia orientale. Presto ci sar\u00e0 da affrontare la sfida della privatizzazione e il governo regionale continuer\u00e0 a sostenere lo sviluppo del sistema aeroportuale nell\u2019interesse di tutti i cittadini, con grande attenzione ai servizi, all\u2019efficienza e alla concorrenza tra i vettori. I siciliani hanno il diritto di volare senza essere costretti a pagare cifre esorbitanti. Una scandalosa vicenda su cui la nostra denuncia all\u2019Antitrust ha trovato ascolto\u201d, ha sottolineato Renato Schifani, Presidente della Regione Siciliana.<br \/>Nel dettaglio, l\u2019Aeroporto di Catania nel 2022 vedr\u00e0 transitare, al 31 dicembre 2022, 10.079.895 passeggeri, contro i 10.223,113 del 2019 (-1,40%). I movimenti si attesteranno a 72.450, contro contro 75.070 (-3,49%). <br \/>Le prime tre rotte nazionali sono Roma FCO con 1.549.053 passeggeri (-15%), Milano Malpensa con 1.256.873 (-0,7%) e Bologna con 582.909 (+46%). Le prime tre rotte internazionali sono Malta con 251.211 passeggeri (-18,9%); London Gatwick con 199.500 (-1,9%) e Vienna con 156.800 (+36,5%).<br \/>Il giorno pi\u00f9 trafficato dell\u2019anno \u00e8 stato domenica 18 settembre 2022, con 43.153 passeggeri in transito nel nostro scalo, mentre il giorno meno trafficato dell\u2019anno \u00e8 stato marted\u00ec 18 marzo 2022, con 7.676 passeggeri.<br \/>Il numero delle destinazioni nazionali \u00e8 cresciuto da 22 del 2019 alle 27 del 2022: si sono aggiunte infatti Parma, Bolzano, Alghero e Forl\u00ec. In diminuzione invece gli scali internazionali serviti: sono 105 contro i 120 del 2019.<br \/>Si sono aggiunte rotte importanti come Leeds, Manchester, Memmingen, Cluj, Abu Dhabi e Dortmund, ma pesa ovviamente l\u2019assenza del mercato russo, che con Mosca Domodedovo, Vnukovo e San Pietroburgo rappresentavano nel 2019 circa 75.000 passeggeri che transitavano nel nostro scalo.<br \/>Inoltre, sono assenti gli scali di Kiev (con 13.794 passeggeri) e Minsk, e non \u00e8 mai partita la destinazione \u2013 annunciata e molto attesa \u2013 di Lviv, conseguenze di una situazione geopolitica critica, che ha di fatto imposto l\u2019interruzione di numerosi collegamenti. <br \/>foto ufficio stampa Sac<br \/>(ITALPRESS).<div id=\"div-gpt-ad-Messinaoggi.it-DSK-300x250-corpoart\" style=\"text-align:center;margin:0 auto;\"><\/div><\/p>\n<\/div>\n<div id=\"videoincontent\" style=\"clear:both\";><\/div>","protected":false},"excerpt":{"rendered":"<p>CATANIA (ITALPRESS) \u2013 L\u2019aeroporto di Catania ha superato oggi i dieci milioni di passeggeri transitati nello scalo durante il 2022, eguagliando in questo modo il dato del 2019, ultimo anno di normalit\u00e0 prima dell\u2019emergenza Covid. Il risultato \u00e8 stato festeggiato con un evento che ha riunito nello scalo catanese i vertici dell\u2019aviazione commerciale italiana e [&hellip;]<\/p>\n","protected":false},"author":18,"featured_media":135749,"comment_status":"closed","ping_status":"closed","sticky":false,"template":"","format":"standard","meta":{"ub_ctt_via":"","_mi_skip_tracking":false},"categories":[6,11,2449],"tags":[783],"featured_image_src":"https:\/\/www.messinaoggi.it\/website\/wp-content\/uploads\/2022\/12\/20221228_1378.jpg","author_info":{"display_name":"Admin","author_link":"https:\/\/www.messinaoggi.it\/website\/author\/admin\/"},"digistream_id":0,"digistream":false,"_links":{"self":[{"href":"https:\/\/www.messinaoggi.it\/website\/wp-json\/wp\/v2\/posts\/135748"}],"collection":[{"href":"https:\/\/www.messinaoggi.it\/website\/wp-json\/wp\/v2\/posts"}],"about":[{"href":"https:\/\/www.messinaoggi.it\/website\/wp-json\/wp\/v2\/types\/post"}],"author":[{"embeddable":true,"href":"https:\/\/www.messinaoggi.it\/website\/wp-json\/wp\/v2\/users\/18"}],"replies":[{"embeddable":true,"href":"https:\/\/www.messinaoggi.it\/website\/wp-json\/wp\/v2\/comments?post=135748"}],"version-history":[{"count":1,"href":"https:\/\/www.messinaoggi.it\/website\/wp-json\/wp\/v2\/posts\/135748\/revisions"}],"predecessor-version":[{"id":135751,"href":"https:\/\/www.messinaoggi.it\/website\/wp-json\/wp\/v2\/posts\/135748\/revisions\/135751"}],"wp:featuredmedia":[{"embeddable":true,"href":"https:\/\/www.messinaoggi.it\/website\/wp-json\/wp\/v2\/media\/135749"}],"wp:attachment":[{"href":"https:\/\/www.messinaoggi.it\/website\/wp-json\/wp\/v2\/media?parent=135748"}],"wp:term":[{"taxonomy":"category","embeddable":true,"href":"https:\/\/www.messinaoggi.it\/website\/wp-json\/wp\/v2\/categories?post=135748"},{"taxonomy":"post_tag","embeddable":true,"href":"https:\/\/www.messinaoggi.it\/website\/wp-json\/wp\/v2\/tags?post=135748"}],"curies":[{"name":"wp","href":"https:\/\/api.w.org\/{rel}","templated":true}]}}