{"id":13574,"date":"2017-12-25T09:00:14","date_gmt":"2017-12-25T08:00:14","guid":{"rendered":"http:\/\/www.messinaoggi.it\/website\/?p=13574"},"modified":"2017-12-25T09:00:14","modified_gmt":"2017-12-25T08:00:14","slug":"piano-di-riequilibrio-tornera-in-consiglio-cuzzola-delibera-da-rimodulare-su-base-ventennale","status":"publish","type":"post","link":"https:\/\/www.messinaoggi.it\/website\/2017\/12\/25\/piano-di-riequilibrio-tornera-in-consiglio-cuzzola-delibera-da-rimodulare-su-base-ventennale\/","title":{"rendered":"Piano di Riequilibrio torner\u00e0 in consiglio, Cuzzola: &quot;Delibera da rimodulare su base ventennale&quot;"},"content":{"rendered":"<p style=\"text-align: justify;\">Il sindaco Renato Accorinti l\u2019ha pi\u00f9 volte auspicato, per lui i Piani di Riequilibrio dei Comuni devono essere fatti su scala ventennale e non decennale. Detto, fatto. La Legge nazionale di Bilancio 2018, d\u00e0 l\u2019opportunit\u00e0 agli enti comunali di poter smaltire i propri debiti nel giro di vent\u2019anni, un lasso di tempo molto pi\u00f9 ampio cos\u00ec diminuir\u00e0 la portata degli impegni economici da rispettare anno per anno.<div id=\"div-gpt-ad-Messinaoggi.it-DSK-300x250-corpoart\" style=\"text-align:center;margin:0 auto;\"><\/div><\/p>\n<p style=\"text-align: justify;\">Un\u2019occasione che il Comune di Messina non si \u00e8 lascer\u00e0 sfuggire, cos\u00ec come annunciato dall\u2019assessore al Bilancio, Enzo Cuzzola: <em>\u201cL\u2019opportunit\u00e0 \u2013 secondo l\u2019esponente della giunta Accorinti &#8211; \u00e8 ghiotta, perch\u00e9 si godrebbe di due vantaggi. In primo luogo si allungherebbero a 20 anni i tempi di restituzione del fondo di rotazione, senza interessi, che si consegue all\u2019approvazione del piano. Il secondo \u00e8 che si liberebbero annualmente il 50% delle risorse destinate alla costituzione degli accantonamenti necessari per far fronte al contenzioso pendente al 31 dicembre 2012, che ammonta ad oggi a circa 140 milioni (l\u2019importo originario era pi\u00f9 consistente, ma le azioni portate avanti dall\u2019Amministrazione Accorinti lo hanno notevolmente ridotto), consentendo un primo ritorno alla \u201cnormalit\u00e0\u201d anche per la spesa corrente, mentre per le spese di investimento, siamo gi\u00e0 allo sviluppo, data l\u2019accorta azione di \u201cintercettazione di fondi\u201d, condotta dall\u2019Amministrazione<\/em>\u201d.<div id=\"videoincontent\" style=\"clear:both\";><\/div><\/p>\n<p style=\"text-align: justify;\">Cos\u00ec molto presto, il Piano torner\u00e0 in aula per l\u2019ennesima valutazione da parte dei consiglieri comunali: <em>\u201cCerto- continua Cuzzola &#8211; si allungheranno i tempi di approvazione del piano, ma se portiamo avanti, come faremo, le transazioni \u201cindirizzate\u201d in questo scorcio di fine anno, il maggior numero di creditori non ne risentir\u00e0 (si pensi che oltre il 90% degli stessi sono creditori per meno di 50 mila euro).<\/em><\/p>\n<p style=\"text-align: justify;\"><em>I tempi sono stretti, infatti entro il 15 gennaio bisogna deliberare in Consiglio la volont\u00e0 di rimodulazione, che bisogner\u00e0 riportare in Consiglio per la definitiva approvazione entro fine febbraio. Ma questa volta, dato che ormai il piano lo gestiamo \u201cdentro\u201d il bilancio non si potr\u00e0 prescindere dalla approvazione, quanto meno della bozza in Giunta, di Preventivo e Rendiconto. I tempi sono stretti e ci arriveremo in affanno\u201d<\/em><\/p>\n","protected":false},"excerpt":{"rendered":"<p>Il sindaco Renato Accorinti l\u2019ha pi\u00f9 volte auspicato, per lui i Piani di Riequilibrio dei Comuni devono essere fatti su scala ventennale e non decennale. Detto, fatto. La Legge nazionale di Bilancio 2018, d\u00e0 l\u2019opportunit\u00e0 agli enti comunali di poter smaltire i propri debiti nel giro di vent\u2019anni, un lasso di tempo molto pi\u00f9 ampio [&hellip;]<\/p>\n","protected":false},"author":2,"featured_media":6702,"comment_status":"closed","ping_status":"open","sticky":false,"template":"","format":"standard","meta":{"ub_ctt_via":"","_mi_skip_tracking":false},"categories":[4],"tags":[],"featured_image_src":"https:\/\/www.messinaoggi.it\/website\/wp-content\/uploads\/2017\/08\/Cuzzola-assessore-messinaoggi-2.jpg","author_info":{"display_name":"Redazione","author_link":"https:\/\/www.messinaoggi.it\/website\/author\/redazione\/"},"digistream_id":0,"digistream":false,"_links":{"self":[{"href":"https:\/\/www.messinaoggi.it\/website\/wp-json\/wp\/v2\/posts\/13574"}],"collection":[{"href":"https:\/\/www.messinaoggi.it\/website\/wp-json\/wp\/v2\/posts"}],"about":[{"href":"https:\/\/www.messinaoggi.it\/website\/wp-json\/wp\/v2\/types\/post"}],"author":[{"embeddable":true,"href":"https:\/\/www.messinaoggi.it\/website\/wp-json\/wp\/v2\/users\/2"}],"replies":[{"embeddable":true,"href":"https:\/\/www.messinaoggi.it\/website\/wp-json\/wp\/v2\/comments?post=13574"}],"version-history":[{"count":0,"href":"https:\/\/www.messinaoggi.it\/website\/wp-json\/wp\/v2\/posts\/13574\/revisions"}],"wp:featuredmedia":[{"embeddable":true,"href":"https:\/\/www.messinaoggi.it\/website\/wp-json\/wp\/v2\/media\/6702"}],"wp:attachment":[{"href":"https:\/\/www.messinaoggi.it\/website\/wp-json\/wp\/v2\/media?parent=13574"}],"wp:term":[{"taxonomy":"category","embeddable":true,"href":"https:\/\/www.messinaoggi.it\/website\/wp-json\/wp\/v2\/categories?post=13574"},{"taxonomy":"post_tag","embeddable":true,"href":"https:\/\/www.messinaoggi.it\/website\/wp-json\/wp\/v2\/tags?post=13574"}],"curies":[{"name":"wp","href":"https:\/\/api.w.org\/{rel}","templated":true}]}}