{"id":135692,"date":"2022-12-28T11:07:57","date_gmt":"2022-12-28T10:07:57","guid":{"rendered":"https:\/\/www.messinaoggi.it\/website\/2022\/12\/28\/papa-francesco-chiede-preghiere-per-benedetto-xvi-e-molto-malato\/"},"modified":"2022-12-28T11:07:57","modified_gmt":"2022-12-28T10:07:57","slug":"papa-francesco-chiede-preghiere-per-benedetto-xvi-e-molto-malato","status":"publish","type":"post","link":"https:\/\/www.messinaoggi.it\/website\/2022\/12\/28\/papa-francesco-chiede-preghiere-per-benedetto-xvi-e-molto-malato\/","title":{"rendered":"Papa Francesco chiede preghiere per Benedetto XVI \u201cE\u2019 molto malato\u201d"},"content":{"rendered":"<div>ROMA (ITALPRESS) &#8211; &#8220;Vorrei chiedere a tutti voi preghiere per il Papa emerito Benedetto, che nel silenzio sta sostenendo la Chiesa. E&#8217; molto malato, chiediamo al Signore che lo consoli e lo sostenga in questa testimonianza di amore alla Chiesa, fino alla fine&#8221;. Lo ha detto Papa Francesco nell&#8217;udienza generale di oggi nell&#8217;Aula Paolo VI. &#8220;Il Bambino di Betlemme doni la sua luce e il suo conforto e conceda alla martoriata Ucraina, oppressa dalla brutalit\u00e0 della guerra, il sospirato dono della pace&#8221;, ha poi aggiunto il Pontefice, che ha chiesto di &#8220;non scivolare nella caricatura mondana del Natale, ridotta a una festa consumistica e sdolcinata. Ci vuole fare festa, ma il Natale \u00e8 un&#8217;altra cosa. E&#8217; gioia e festa, ma nella semplicit\u00e0 e nell&#8217;austerit\u00e0&#8221;.<div id=\"div-gpt-ad-Messinaoggi.it-DSK-300x250-corpoart\" style=\"text-align:center;margin:0 auto;\"><\/div><\/p>\n<p>&#8211; foto agenziafotogramma.it &#8211;<br \/>\n(ITALPRESS).<div id=\"videoincontent\" style=\"clear:both\";><\/div><\/p><\/div>\n","protected":false},"excerpt":{"rendered":"<p>ROMA (ITALPRESS) &#8211; &#8220;Vorrei chiedere a tutti voi preghiere per il Papa emerito Benedetto, che nel silenzio sta sostenendo la Chiesa. E&#8217; molto malato, chiediamo al Signore che lo consoli e lo sostenga in questa testimonianza di amore alla Chiesa, fino alla fine&#8221;. Lo ha detto Papa Francesco nell&#8217;udienza generale di oggi nell&#8217;Aula Paolo VI. [&hellip;]<\/p>\n","protected":false},"author":18,"featured_media":135694,"comment_status":"closed","ping_status":"closed","sticky":false,"template":"","format":"standard","meta":{"ub_ctt_via":"","_mi_skip_tracking":false},"categories":[446],"tags":[783],"featured_image_src":"https:\/\/www.messinaoggi.it\/website\/wp-content\/uploads\/2022\/12\/20221228_0169.jpg","author_info":{"display_name":"Admin","author_link":"https:\/\/www.messinaoggi.it\/website\/author\/admin\/"},"digistream_id":0,"digistream":false,"_links":{"self":[{"href":"https:\/\/www.messinaoggi.it\/website\/wp-json\/wp\/v2\/posts\/135692"}],"collection":[{"href":"https:\/\/www.messinaoggi.it\/website\/wp-json\/wp\/v2\/posts"}],"about":[{"href":"https:\/\/www.messinaoggi.it\/website\/wp-json\/wp\/v2\/types\/post"}],"author":[{"embeddable":true,"href":"https:\/\/www.messinaoggi.it\/website\/wp-json\/wp\/v2\/users\/18"}],"replies":[{"embeddable":true,"href":"https:\/\/www.messinaoggi.it\/website\/wp-json\/wp\/v2\/comments?post=135692"}],"version-history":[{"count":0,"href":"https:\/\/www.messinaoggi.it\/website\/wp-json\/wp\/v2\/posts\/135692\/revisions"}],"wp:featuredmedia":[{"embeddable":true,"href":"https:\/\/www.messinaoggi.it\/website\/wp-json\/wp\/v2\/media\/135694"}],"wp:attachment":[{"href":"https:\/\/www.messinaoggi.it\/website\/wp-json\/wp\/v2\/media?parent=135692"}],"wp:term":[{"taxonomy":"category","embeddable":true,"href":"https:\/\/www.messinaoggi.it\/website\/wp-json\/wp\/v2\/categories?post=135692"},{"taxonomy":"post_tag","embeddable":true,"href":"https:\/\/www.messinaoggi.it\/website\/wp-json\/wp\/v2\/tags?post=135692"}],"curies":[{"name":"wp","href":"https:\/\/api.w.org\/{rel}","templated":true}]}}