{"id":135683,"date":"2022-12-28T09:32:53","date_gmt":"2022-12-28T08:32:53","guid":{"rendered":"https:\/\/www.messinaoggi.it\/website\/2022\/12\/28\/tappa-del-castelbuono-jazz-winter-allospedale-giglio-di-cefalu\/"},"modified":"2022-12-28T09:32:53","modified_gmt":"2022-12-28T08:32:53","slug":"tappa-del-castelbuono-jazz-winter-allospedale-giglio-di-cefalu","status":"publish","type":"post","link":"https:\/\/www.messinaoggi.it\/website\/2022\/12\/28\/tappa-del-castelbuono-jazz-winter-allospedale-giglio-di-cefalu\/","title":{"rendered":"Tappa del Castelbuono Jazz Winter all\u2019ospedale Giglio di Cefal\u00f9"},"content":{"rendered":"<div>\n<p>CEFALU\u2019 (PALERMO) (ITALPRESS) \u2013 Il presidente della Fondazione Giglio di Cefal\u00f9, Giovanni Albano, ha accolto al Giglio, in occasione dello spettacolo offerto ai pazienti dell\u2019ospedale dal Castelbuono Jazz Festival, l\u2019assessore regionale al turismo, sport e spettacolo, Francesco Scarpinato.<br \/>\u201cSono grato a Castelbuono \u2013 ha detto Albano \u2013 alla sua amministrazione e ad Angelo Butera, patron del Castelbuono Jazz Festival, per il segno di affetto che questa comunit\u00e0 ha voluto dedicare al personale e ai pazienti dell\u2019ospedale di Cefal\u00f9. Sono altrettanto grato al neo assessore al turismo, Francesco Scarpinato per la sua presenza qui che, per noi, \u00e8 un grande segno di attenzione e di umanit\u00e0\u201d.<br \/>Ad esibirsi in un coro gospel, che ha coinvolto i presenti, la formazione newyorkese Ronald Hubbard Gospel Show. <br \/>\u201cUna grande emozione al Giglio di Cefal\u00f9\u201d, ha sottolineato l\u2019assessore regionale al turismo Scarpinato, che ha aggiunto: \u201cAttraverso il Castelbuono Jazz Winter, cogliamo l\u2019occasione per ringraziare simbolicamente tutti coloro che, in questi ultimi anni, si sono instancabilmente adoperati, in tutti gli ospedali siciliani, per la salute e il benessere della collettivit\u00e0 e al tempo stesso desideriamo regalare un pomeriggio di gioia a quanti, in questo momento, stanno combattendo una battaglia, sia essa piccola o grande. La musica \u00e8 speranza!\u201d.<br \/>Il concerto \u00e8 stato preceduto dal saluto del sindaco di Castelbuono, Mario Cicero, e dell\u2019organizzatore del Castelbuono Jazz Winter, Angelo Butera.<br \/>foto ufficio stampa Fondazione Giglio di Cefal\u00f9<br \/>(ITALPRESS).<div id=\"div-gpt-ad-Messinaoggi.it-DSK-300x250-corpoart\" style=\"text-align:center;margin:0 auto;\"><\/div><\/p>\n<\/div>\n<div id=\"videoincontent\" style=\"clear:both\";><\/div>","protected":false},"excerpt":{"rendered":"<p>CEFALU\u2019 (PALERMO) (ITALPRESS) \u2013 Il presidente della Fondazione Giglio di Cefal\u00f9, Giovanni Albano, ha accolto al Giglio, in occasione dello spettacolo offerto ai pazienti dell\u2019ospedale dal Castelbuono Jazz Festival, l\u2019assessore regionale al turismo, sport e spettacolo, Francesco Scarpinato.\u201cSono grato a Castelbuono \u2013 ha detto Albano \u2013 alla sua amministrazione e ad Angelo Butera, patron del [&hellip;]<\/p>\n","protected":false},"author":18,"featured_media":135684,"comment_status":"closed","ping_status":"closed","sticky":false,"template":"","format":"standard","meta":{"ub_ctt_via":"","_mi_skip_tracking":false},"categories":[2449],"tags":[783],"featured_image_src":"https:\/\/www.messinaoggi.it\/website\/wp-content\/uploads\/2022\/12\/20221228_0111.jpg","author_info":{"display_name":"Admin","author_link":"https:\/\/www.messinaoggi.it\/website\/author\/admin\/"},"digistream_id":0,"digistream":false,"_links":{"self":[{"href":"https:\/\/www.messinaoggi.it\/website\/wp-json\/wp\/v2\/posts\/135683"}],"collection":[{"href":"https:\/\/www.messinaoggi.it\/website\/wp-json\/wp\/v2\/posts"}],"about":[{"href":"https:\/\/www.messinaoggi.it\/website\/wp-json\/wp\/v2\/types\/post"}],"author":[{"embeddable":true,"href":"https:\/\/www.messinaoggi.it\/website\/wp-json\/wp\/v2\/users\/18"}],"replies":[{"embeddable":true,"href":"https:\/\/www.messinaoggi.it\/website\/wp-json\/wp\/v2\/comments?post=135683"}],"version-history":[{"count":0,"href":"https:\/\/www.messinaoggi.it\/website\/wp-json\/wp\/v2\/posts\/135683\/revisions"}],"wp:featuredmedia":[{"embeddable":true,"href":"https:\/\/www.messinaoggi.it\/website\/wp-json\/wp\/v2\/media\/135684"}],"wp:attachment":[{"href":"https:\/\/www.messinaoggi.it\/website\/wp-json\/wp\/v2\/media?parent=135683"}],"wp:term":[{"taxonomy":"category","embeddable":true,"href":"https:\/\/www.messinaoggi.it\/website\/wp-json\/wp\/v2\/categories?post=135683"},{"taxonomy":"post_tag","embeddable":true,"href":"https:\/\/www.messinaoggi.it\/website\/wp-json\/wp\/v2\/tags?post=135683"}],"curies":[{"name":"wp","href":"https:\/\/api.w.org\/{rel}","templated":true}]}}