{"id":135651,"date":"2022-12-27T20:07:51","date_gmt":"2022-12-27T19:07:51","guid":{"rendered":"https:\/\/www.messinaoggi.it\/website\/2022\/12\/27\/manovra-al-senato-domani-discussione-e-giovedi-votazione\/"},"modified":"2022-12-27T22:43:10","modified_gmt":"2022-12-27T21:43:10","slug":"manovra-al-senato-domani-discussione-e-giovedi-votazione","status":"publish","type":"post","link":"https:\/\/www.messinaoggi.it\/website\/2022\/12\/27\/manovra-al-senato-domani-discussione-e-giovedi-votazione\/","title":{"rendered":"Manovra, al Senato domani discussione e gioved\u00ec votazione"},"content":{"rendered":"<div>ROMA (ITALPRESS) &#8211; &#8220;La conferenza dei capigruppo ha deliberato all&#8217;unanimit\u00e0 di procedere domani con la discussione generale e dopodomani alle 9 di aprire la seduta con le dichiarazioni di voto, la successiva votazione per appello nominale e poi la votazione finale&#8221;. Lo ha detto il presidente del Senato, Ignazio La Russa, in Aula prima di sospendere nuovamente la seduta dopo la conferenza dei capigruppo. &#8220;Adesso la commissione Bilancio sta lavorando, non appena avr\u00e0 licenziato la relazione tecnica ce la d\u00e0, veniamo di nuovo in Aula, la leggiamo, ma dura pochi minuti. A quel punto sar\u00e0 ufficialmente aperta la sessione di bilancio del Senato, che si chiude con le dichiarazioni di voto e con ripresa televisiva dalle ore 9 e poi con le successive votazioni&#8221;, ha aggiunto.<br \/>(ITALPRESS).<br \/>-foto agenziafotogramma.it-<\/div>\n<div id=\"div-gpt-ad-Messinaoggi.it-DSK-300x250-corpoart\" style=\"text-align:center;margin:0 auto;\"><\/div><\/p><div id=\"videoincontent\" style=\"clear:both\";><\/div>","protected":false},"excerpt":{"rendered":"<p>ROMA (ITALPRESS) &#8211; &#8220;La conferenza dei capigruppo ha deliberato all&#8217;unanimit\u00e0 di procedere domani con la discussione generale e dopodomani alle 9 di aprire la seduta con le dichiarazioni di voto, la successiva votazione per appello nominale e poi la votazione finale&#8221;. Lo ha detto il presidente del Senato, Ignazio La Russa, in Aula prima di [&hellip;]<\/p>\n","protected":false},"author":18,"featured_media":135652,"comment_status":"closed","ping_status":"closed","sticky":false,"template":"","format":"standard","meta":{"ub_ctt_via":"","_mi_skip_tracking":false},"categories":[446,4],"tags":[783],"featured_image_src":"https:\/\/www.messinaoggi.it\/website\/wp-content\/uploads\/2022\/12\/20221227_1290.jpg","author_info":{"display_name":"Admin","author_link":"https:\/\/www.messinaoggi.it\/website\/author\/admin\/"},"digistream_id":0,"digistream":false,"_links":{"self":[{"href":"https:\/\/www.messinaoggi.it\/website\/wp-json\/wp\/v2\/posts\/135651"}],"collection":[{"href":"https:\/\/www.messinaoggi.it\/website\/wp-json\/wp\/v2\/posts"}],"about":[{"href":"https:\/\/www.messinaoggi.it\/website\/wp-json\/wp\/v2\/types\/post"}],"author":[{"embeddable":true,"href":"https:\/\/www.messinaoggi.it\/website\/wp-json\/wp\/v2\/users\/18"}],"replies":[{"embeddable":true,"href":"https:\/\/www.messinaoggi.it\/website\/wp-json\/wp\/v2\/comments?post=135651"}],"version-history":[{"count":1,"href":"https:\/\/www.messinaoggi.it\/website\/wp-json\/wp\/v2\/posts\/135651\/revisions"}],"predecessor-version":[{"id":135672,"href":"https:\/\/www.messinaoggi.it\/website\/wp-json\/wp\/v2\/posts\/135651\/revisions\/135672"}],"wp:featuredmedia":[{"embeddable":true,"href":"https:\/\/www.messinaoggi.it\/website\/wp-json\/wp\/v2\/media\/135652"}],"wp:attachment":[{"href":"https:\/\/www.messinaoggi.it\/website\/wp-json\/wp\/v2\/media?parent=135651"}],"wp:term":[{"taxonomy":"category","embeddable":true,"href":"https:\/\/www.messinaoggi.it\/website\/wp-json\/wp\/v2\/categories?post=135651"},{"taxonomy":"post_tag","embeddable":true,"href":"https:\/\/www.messinaoggi.it\/website\/wp-json\/wp\/v2\/tags?post=135651"}],"curies":[{"name":"wp","href":"https:\/\/api.w.org\/{rel}","templated":true}]}}