{"id":13564,"date":"2017-12-24T09:59:45","date_gmt":"2017-12-24T08:59:45","guid":{"rendered":"http:\/\/www.messinaoggi.it\/website\/?p=13564"},"modified":"2017-12-24T09:59:45","modified_gmt":"2017-12-24T08:59:45","slug":"pappalardo-la-regione-dara-priorita-alle-problematiche-di-taormina","status":"publish","type":"post","link":"https:\/\/www.messinaoggi.it\/website\/2017\/12\/24\/pappalardo-la-regione-dara-priorita-alle-problematiche-di-taormina\/","title":{"rendered":"Pappalardo: &quot;La Regione dar\u00e0 priorit\u00e0 alle problematiche di Taormina&quot;"},"content":{"rendered":"<p>Per il neo\u00a0<u>indicato<\/u>\u00a0assessore regionale al Turismo, Sandro Pappalardo, le problematiche della citt\u00e0 del Centauro sono tra le priorit\u00e0 siciliane. &#8220;Taormina \u00e8 al centro dell&#8217;attenzione internazionale &#8211; ha detto Pappalardo &#8211; e quindi non si pu\u00f2 rinviare il tempo di trovare soluzioni.<br \/>\nTra le questioni da affrontare al pi\u00f9 presto, quella relativa alla trasformazione in Fondazione di Taormina Arte. Mi riservo di studiare al meglio gli incartamenti. Certamente una volta superata questa fase si trover\u00e0 la soluzione ritenuta pi\u00f9 idonea&#8221;. Il tutto \u00e8 emerso durante il primo incontro con l&#8217;Amministrazione attiva taorminese, rappresentata dal sindaco Eligio Giardina, da parte del neo rappresentante del governo regionale.<br \/>\n<strong>Mauro Romano<\/strong><div id=\"div-gpt-ad-Messinaoggi.it-DSK-300x250-corpoart\" style=\"text-align:center;margin:0 auto;\"><\/div><\/p>\n<div id=\"videoincontent\" style=\"clear:both\";><\/div>","protected":false},"excerpt":{"rendered":"<p>Per il neo\u00a0indicato\u00a0assessore regionale al Turismo, Sandro Pappalardo, le problematiche della citt\u00e0 del Centauro sono tra le priorit\u00e0 siciliane. &#8220;Taormina \u00e8 al centro dell&#8217;attenzione internazionale &#8211; ha detto Pappalardo &#8211; e quindi non si pu\u00f2 rinviare il tempo di trovare soluzioni. Tra le questioni da affrontare al pi\u00f9 presto, quella relativa alla trasformazione in Fondazione [&hellip;]<\/p>\n","protected":false},"author":2,"featured_media":13565,"comment_status":"closed","ping_status":"open","sticky":false,"template":"","format":"standard","meta":{"ub_ctt_via":"","_mi_skip_tracking":false},"categories":[3],"tags":[],"featured_image_src":"https:\/\/www.messinaoggi.it\/website\/wp-content\/uploads\/2017\/12\/eligio-giardina-e-salvo-pappalardo.jpg","author_info":{"display_name":"Redazione","author_link":"https:\/\/www.messinaoggi.it\/website\/author\/redazione\/"},"digistream_id":0,"digistream":false,"_links":{"self":[{"href":"https:\/\/www.messinaoggi.it\/website\/wp-json\/wp\/v2\/posts\/13564"}],"collection":[{"href":"https:\/\/www.messinaoggi.it\/website\/wp-json\/wp\/v2\/posts"}],"about":[{"href":"https:\/\/www.messinaoggi.it\/website\/wp-json\/wp\/v2\/types\/post"}],"author":[{"embeddable":true,"href":"https:\/\/www.messinaoggi.it\/website\/wp-json\/wp\/v2\/users\/2"}],"replies":[{"embeddable":true,"href":"https:\/\/www.messinaoggi.it\/website\/wp-json\/wp\/v2\/comments?post=13564"}],"version-history":[{"count":0,"href":"https:\/\/www.messinaoggi.it\/website\/wp-json\/wp\/v2\/posts\/13564\/revisions"}],"wp:featuredmedia":[{"embeddable":true,"href":"https:\/\/www.messinaoggi.it\/website\/wp-json\/wp\/v2\/media\/13565"}],"wp:attachment":[{"href":"https:\/\/www.messinaoggi.it\/website\/wp-json\/wp\/v2\/media?parent=13564"}],"wp:term":[{"taxonomy":"category","embeddable":true,"href":"https:\/\/www.messinaoggi.it\/website\/wp-json\/wp\/v2\/categories?post=13564"},{"taxonomy":"post_tag","embeddable":true,"href":"https:\/\/www.messinaoggi.it\/website\/wp-json\/wp\/v2\/tags?post=13564"}],"curies":[{"name":"wp","href":"https:\/\/api.w.org\/{rel}","templated":true}]}}