{"id":135633,"date":"2022-12-27T17:07:54","date_gmt":"2022-12-27T16:07:54","guid":{"rendered":"https:\/\/www.messinaoggi.it\/website\/2022\/12\/27\/covid-dal-31-dicembre-sara-dismessa-la-app-immuni\/"},"modified":"2022-12-27T22:43:21","modified_gmt":"2022-12-27T21:43:21","slug":"covid-dal-31-dicembre-sara-dismessa-la-app-immuni","status":"publish","type":"post","link":"https:\/\/www.messinaoggi.it\/website\/2022\/12\/27\/covid-dal-31-dicembre-sara-dismessa-la-app-immuni\/","title":{"rendered":"Covid, dal 31 dicembre sar\u00e0 dismessa la app Immuni"},"content":{"rendered":"<div>ROMA (ITALPRESS) &#8211; Dal prossimo 31 dicembre sar\u00e0 dismessa la Piattaforma unica nazionale per la gestione del Sistema di allerta Covid-19 e la relativa App Immuni, che ha avuto la finalit\u00e0 di allertare le persone entrate in contatto stretto con soggetti risultati positivi. Dalla stessa data verr\u00e0 interrotto ogni trattamento di dati personali effettuato dal Ministero della salute ai sensi dell&#8217;articolo 6 del decreto-legge 30 aprile 2020, n. 28, convertito con modificazioni dalla legge 25 giugno 2020, n. 70, come spiega lo stesso dicastero sul proprio sito.<br \/>La App IMMUNI non sar\u00e0 pi\u00f9 disponibile negli store delle applicazioni mobile (Apple, Google, Huawei) e, sugli smartphone su cui la App \u00e8 gi\u00e0 stata installata, non funzioner\u00e0 pi\u00f9 per attivare e ricevere le notifiche di allerta di eventuale contatto stretto con altri utenti della App per le finalit\u00e0 del contact tracing digitale.<br \/>Inoltre, l&#8217;applicazione non sar\u00e0 pi\u00f9 utilizzabile per l&#8217;acquisizione delle Certificazioni verdi COVID-19 (&#8220;green pass&#8221;) ma solo per conservare quelle gi\u00e0 acquisite. Sar\u00e0 possibile recuperare le Certificazioni verdi COVID-19 con gli altri strumenti online disponibili: App IO, Fascicolo Sanitario Elettronico oppure direttamente sul sito www.dgc.gov.it.<div id=\"div-gpt-ad-Messinaoggi.it-DSK-300x250-corpoart\" style=\"text-align:center;margin:0 auto;\"><\/div><\/p>\n<p>&#8211; foto Agenziafotogramma.it &#8211;<div id=\"videoincontent\" style=\"clear:both\";><\/div><\/p>\n<p>(ITALPRESS).<\/p><\/div>\n","protected":false},"excerpt":{"rendered":"<p>ROMA (ITALPRESS) &#8211; Dal prossimo 31 dicembre sar\u00e0 dismessa la Piattaforma unica nazionale per la gestione del Sistema di allerta Covid-19 e la relativa App Immuni, che ha avuto la finalit\u00e0 di allertare le persone entrate in contatto stretto con soggetti risultati positivi. Dalla stessa data verr\u00e0 interrotto ogni trattamento di dati personali effettuato dal [&hellip;]<\/p>\n","protected":false},"author":18,"featured_media":135634,"comment_status":"closed","ping_status":"closed","sticky":false,"template":"","format":"standard","meta":{"ub_ctt_via":"","_mi_skip_tracking":false},"categories":[221,446],"tags":[783],"featured_image_src":"https:\/\/www.messinaoggi.it\/website\/wp-content\/uploads\/2022\/12\/20221227_0795.jpg","author_info":{"display_name":"Admin","author_link":"https:\/\/www.messinaoggi.it\/website\/author\/admin\/"},"digistream_id":0,"digistream":false,"_links":{"self":[{"href":"https:\/\/www.messinaoggi.it\/website\/wp-json\/wp\/v2\/posts\/135633"}],"collection":[{"href":"https:\/\/www.messinaoggi.it\/website\/wp-json\/wp\/v2\/posts"}],"about":[{"href":"https:\/\/www.messinaoggi.it\/website\/wp-json\/wp\/v2\/types\/post"}],"author":[{"embeddable":true,"href":"https:\/\/www.messinaoggi.it\/website\/wp-json\/wp\/v2\/users\/18"}],"replies":[{"embeddable":true,"href":"https:\/\/www.messinaoggi.it\/website\/wp-json\/wp\/v2\/comments?post=135633"}],"version-history":[{"count":1,"href":"https:\/\/www.messinaoggi.it\/website\/wp-json\/wp\/v2\/posts\/135633\/revisions"}],"predecessor-version":[{"id":135673,"href":"https:\/\/www.messinaoggi.it\/website\/wp-json\/wp\/v2\/posts\/135633\/revisions\/135673"}],"wp:featuredmedia":[{"embeddable":true,"href":"https:\/\/www.messinaoggi.it\/website\/wp-json\/wp\/v2\/media\/135634"}],"wp:attachment":[{"href":"https:\/\/www.messinaoggi.it\/website\/wp-json\/wp\/v2\/media?parent=135633"}],"wp:term":[{"taxonomy":"category","embeddable":true,"href":"https:\/\/www.messinaoggi.it\/website\/wp-json\/wp\/v2\/categories?post=135633"},{"taxonomy":"post_tag","embeddable":true,"href":"https:\/\/www.messinaoggi.it\/website\/wp-json\/wp\/v2\/tags?post=135633"}],"curies":[{"name":"wp","href":"https:\/\/api.w.org\/{rel}","templated":true}]}}