{"id":135561,"date":"2022-12-27T09:07:52","date_gmt":"2022-12-27T08:07:52","guid":{"rendered":"https:\/\/www.messinaoggi.it\/website\/2022\/12\/27\/pd-franceschini-deve-cambiare-tutto-schlein-e-la-sinistra-moderna\/"},"modified":"2022-12-27T11:01:29","modified_gmt":"2022-12-27T10:01:29","slug":"pd-franceschini-deve-cambiare-tutto-schlein-e-la-sinistra-moderna","status":"publish","type":"post","link":"https:\/\/www.messinaoggi.it\/website\/2022\/12\/27\/pd-franceschini-deve-cambiare-tutto-schlein-e-la-sinistra-moderna\/","title":{"rendered":"Pd, Franceschini \u201cDeve cambiare tutto, Schlein \u00e8 la sinistra moderna\u201d"},"content":{"rendered":"<div>ROMA (ITALPRESS) &#8211; &#8220;Dopo la pandemia e la guerra in Ucraina stanno cambiando tutti i punti di riferimento attorno a noi. In Europa, nel rapporto tra Stati e mercati, tra economia e ambiente, tra era digitale e diritti. Solo generazioni nuove possono capire e interpretare veramente questa stagione&#8221;. Cos\u00ec Dario Franceschini, in un&#8217;intervista al Corriere della Sera, spiega il suo sostegno a Elly Schlein nella corsa per la segreteria del Pd.<br \/>&#8220;Schlein ha 37 anni e tutte le caratteristiche culturali e personali per essere la leader del Pd in questo tempo nuovo. La generazione mia e di Bonaccini ha guidato il partito ai vari livelli dalla fondazione nel 2007 ad oggi e ora \u00e8 giusto che lasci il passo&#8221;, sottolinea l&#8217;ex ministro, per il quale &#8220;in questo momento il Pd non ha bisogno di continuit\u00e0 e tranquillit\u00e0 ma di un punto di frattura. La destra, questa destra italiana cos\u00ec estrema, la si contrasta non proponendo al Paese, come troppe volte abbiamo fatto, pressappoco le loro stesse risposte con solo una spruzzatina di giustizia sociale in pi\u00f9, ma facendo emergere tutte le differenze profonde sui valori e sui modelli di societ\u00e0. Per questo serve un Pd pi\u00f9 radicale nella proposta politica, pi\u00f9 netto e pi\u00f9 coraggioso&#8221;.<br \/>&#8220;Altro che gattopardismo, Schlein deve cambiare tutto: gruppi dirigenti, abitudini, rendite di posizione, respingendo compromessi al ribasso, anche se a proporglieli fosse uno di noi che la sosteniamo&#8221;, aggiunge. &#8220;Schlein rappresenta la sinistra moderna, non c&#8217;\u00e8 niente in lei del vecchio armamentario ideologico del 900&#8221;, spiega Franceschini.<br \/>&#8220;Noi abbiamo iniziato il rapporto con i 5 Stelle che loro erano ancora una forza populista che era stata alleata con la Lega sovranista &#8211; afferma l&#8217;ex ministro -. Il percorso che hanno fatto con il Conte due e con il sostegno a Draghi li ha portati a spostarsi politicamente nell&#8217;area della sinistra. E noi dobbiamo chiederci: questo per il Pd \u00e8 un fatto negativo o positivo?&#8221;. Per Franceschini &#8220;\u00e8 un fatto positivo, perch\u00e8 sono venuti nel nostro campo, anche grazie a noi, e questo politicamente \u00e8 un risultato. Dopodich\u00e8 \u00e8 naturale che stando cos\u00ec le cose si crei una competizione pi\u00f9 diretta tra noi e loro. Ma pu\u00f2 essere virtuosa. E sono convinto che Schlein da questo punto di vista sia molto competitiva con i 5 Stelle&#8221;.<div id=\"div-gpt-ad-Messinaoggi.it-DSK-300x250-corpoart\" style=\"text-align:center;margin:0 auto;\"><\/div><\/p>\n<p>&#8211; foto Agenziafotogramma.it &#8211;<div id=\"videoincontent\" style=\"clear:both\";><\/div><\/p>\n<p>(ITALPRESS).<\/p><\/div>\n","protected":false},"excerpt":{"rendered":"<p>ROMA (ITALPRESS) &#8211; &#8220;Dopo la pandemia e la guerra in Ucraina stanno cambiando tutti i punti di riferimento attorno a noi. In Europa, nel rapporto tra Stati e mercati, tra economia e ambiente, tra era digitale e diritti. Solo generazioni nuove possono capire e interpretare veramente questa stagione&#8221;. Cos\u00ec Dario Franceschini, in un&#8217;intervista al Corriere [&hellip;]<\/p>\n","protected":false},"author":18,"featured_media":135562,"comment_status":"closed","ping_status":"closed","sticky":false,"template":"","format":"standard","meta":{"ub_ctt_via":"","_mi_skip_tracking":false},"categories":[446,4],"tags":[783],"featured_image_src":"https:\/\/www.messinaoggi.it\/website\/wp-content\/uploads\/2022\/12\/20221227_0099.jpg","author_info":{"display_name":"Admin","author_link":"https:\/\/www.messinaoggi.it\/website\/author\/admin\/"},"digistream_id":0,"digistream":false,"_links":{"self":[{"href":"https:\/\/www.messinaoggi.it\/website\/wp-json\/wp\/v2\/posts\/135561"}],"collection":[{"href":"https:\/\/www.messinaoggi.it\/website\/wp-json\/wp\/v2\/posts"}],"about":[{"href":"https:\/\/www.messinaoggi.it\/website\/wp-json\/wp\/v2\/types\/post"}],"author":[{"embeddable":true,"href":"https:\/\/www.messinaoggi.it\/website\/wp-json\/wp\/v2\/users\/18"}],"replies":[{"embeddable":true,"href":"https:\/\/www.messinaoggi.it\/website\/wp-json\/wp\/v2\/comments?post=135561"}],"version-history":[{"count":1,"href":"https:\/\/www.messinaoggi.it\/website\/wp-json\/wp\/v2\/posts\/135561\/revisions"}],"predecessor-version":[{"id":135586,"href":"https:\/\/www.messinaoggi.it\/website\/wp-json\/wp\/v2\/posts\/135561\/revisions\/135586"}],"wp:featuredmedia":[{"embeddable":true,"href":"https:\/\/www.messinaoggi.it\/website\/wp-json\/wp\/v2\/media\/135562"}],"wp:attachment":[{"href":"https:\/\/www.messinaoggi.it\/website\/wp-json\/wp\/v2\/media?parent=135561"}],"wp:term":[{"taxonomy":"category","embeddable":true,"href":"https:\/\/www.messinaoggi.it\/website\/wp-json\/wp\/v2\/categories?post=135561"},{"taxonomy":"post_tag","embeddable":true,"href":"https:\/\/www.messinaoggi.it\/website\/wp-json\/wp\/v2\/tags?post=135561"}],"curies":[{"name":"wp","href":"https:\/\/api.w.org\/{rel}","templated":true}]}}