{"id":13551,"date":"2017-12-23T15:17:18","date_gmt":"2017-12-23T14:17:18","guid":{"rendered":"http:\/\/www.messinaoggi.it\/website\/?p=13551"},"modified":"2017-12-23T15:17:18","modified_gmt":"2017-12-23T14:17:18","slug":"precari-comunali-al-via-lassunzione-di-quasi-trecento-dipendenti","status":"publish","type":"post","link":"https:\/\/www.messinaoggi.it\/website\/2017\/12\/23\/precari-comunali-al-via-lassunzione-di-quasi-trecento-dipendenti\/","title":{"rendered":"Via alle assunzioni, che bel Natale per 300 precari"},"content":{"rendered":"<p><span style=\"color: #1b1b1b;\"><span style=\"font-family: Arial, sans-serif;\"><span style=\"font-size: medium;\">Non possono che trascorrere un bellissimo Natale i quasi trecento dipendenti del Comune di Messina che fino a qualche giorno fa vivevano in una situazione di precariato. La Commissione del Ministero degli Interni ha dato il via libera per la loro assunzione.<\/span><\/span><\/span><br \/>\n<span style=\"color: #1b1b1b;\"><span style=\"font-family: Arial, sans-serif;\"><span style=\"font-size: medium;\">Al riguardo piena soddisfazione esprimono Clara Croc\u00e8 e Francesco Fucile, rispettivamente segretaria regionale e segretario della Funzione Pubblica della Cgil: &#8220;La notizia che la Commissione del Ministero degli Interni ha dato l\u2019ok al piano di stabilizzazione dei precari del Comune di Messina, non pu\u00f2 che riempirci di soddisfazione e renderci felici, ancor di pi\u00f9 perch\u00e9 il tutto avviene in un momento particolare come quello delle feste natalizie in cui le speranze dei lavoratori sono quelle di poter raggiungere una stabilit\u00e0 occupazionale ed economica&#8221;. <\/span><\/span><\/span><div id=\"div-gpt-ad-Messinaoggi.it-DSK-300x250-corpoart\" style=\"text-align:center;margin:0 auto;\"><\/div><\/p>\n<div id=\"videoincontent\" style=\"clear:both\";><\/div>","protected":false},"excerpt":{"rendered":"<p>Non possono che trascorrere un bellissimo Natale i quasi trecento dipendenti del Comune di Messina che fino a qualche giorno fa vivevano in una situazione di precariato. La Commissione del Ministero degli Interni ha dato il via libera per la loro assunzione. Al riguardo piena soddisfazione esprimono Clara Croc\u00e8 e Francesco Fucile, rispettivamente segretaria regionale [&hellip;]<\/p>\n","protected":false},"author":8,"featured_media":2496,"comment_status":"closed","ping_status":"open","sticky":false,"template":"","format":"standard","meta":{"ub_ctt_via":"","_mi_skip_tracking":false},"categories":[6],"tags":[],"featured_image_src":"https:\/\/www.messinaoggi.it\/website\/wp-content\/uploads\/2017\/06\/Palazzo-Zanca-2-2.jpg","author_info":{"display_name":"red..me","author_link":"https:\/\/www.messinaoggi.it\/website\/author\/redstage\/"},"digistream_id":0,"digistream":false,"_links":{"self":[{"href":"https:\/\/www.messinaoggi.it\/website\/wp-json\/wp\/v2\/posts\/13551"}],"collection":[{"href":"https:\/\/www.messinaoggi.it\/website\/wp-json\/wp\/v2\/posts"}],"about":[{"href":"https:\/\/www.messinaoggi.it\/website\/wp-json\/wp\/v2\/types\/post"}],"author":[{"embeddable":true,"href":"https:\/\/www.messinaoggi.it\/website\/wp-json\/wp\/v2\/users\/8"}],"replies":[{"embeddable":true,"href":"https:\/\/www.messinaoggi.it\/website\/wp-json\/wp\/v2\/comments?post=13551"}],"version-history":[{"count":0,"href":"https:\/\/www.messinaoggi.it\/website\/wp-json\/wp\/v2\/posts\/13551\/revisions"}],"wp:featuredmedia":[{"embeddable":true,"href":"https:\/\/www.messinaoggi.it\/website\/wp-json\/wp\/v2\/media\/2496"}],"wp:attachment":[{"href":"https:\/\/www.messinaoggi.it\/website\/wp-json\/wp\/v2\/media?parent=13551"}],"wp:term":[{"taxonomy":"category","embeddable":true,"href":"https:\/\/www.messinaoggi.it\/website\/wp-json\/wp\/v2\/categories?post=13551"},{"taxonomy":"post_tag","embeddable":true,"href":"https:\/\/www.messinaoggi.it\/website\/wp-json\/wp\/v2\/tags?post=13551"}],"curies":[{"name":"wp","href":"https:\/\/api.w.org\/{rel}","templated":true}]}}