{"id":13546,"date":"2017-12-23T11:03:16","date_gmt":"2017-12-23T10:03:16","guid":{"rendered":"http:\/\/www.messinaoggi.it\/website\/?p=13546"},"modified":"2017-12-23T11:03:16","modified_gmt":"2017-12-23T10:03:16","slug":"senzatetto-trascorrono-volontariamente-le-notti-al-freddo-attivato-piano-di-emergenza","status":"publish","type":"post","link":"https:\/\/www.messinaoggi.it\/website\/2017\/12\/23\/senzatetto-trascorrono-volontariamente-le-notti-al-freddo-attivato-piano-di-emergenza\/","title":{"rendered":"Senzatetto trascorrono volontariamente le notti al freddo: attivato piano di emergenza"},"content":{"rendered":"<p lang=\"it-IT\"><span style=\"font-family: Arial, sans-serif\">Sono 110 i senzatetto censiti dai punti sentinella della IV, V e VI Circoscrizione, 41 dei quali hanno deciso volontariamente di trascorrere le notti all&#8217;aperto, senza usufruire dei servizi di accoglienza del territorio messi a loro disposizione.<\/span><div id=\"div-gpt-ad-Messinaoggi.it-DSK-300x250-corpoart\" style=\"text-align:center;margin:0 auto;\"><\/div><\/p>\n<p lang=\"it-IT\"><span style=\"font-family: Arial, sans-serif\">Con il progressivo abbassarsi delle temperature dovuto al subentrare della stagione invernale questa sotto-categoria rischia per\u00f2 la propria incolumit\u00e0. Da qui la decisione dell&#8217;amministrazione di realizzare un programma volto alla loro tutela, <span style=\"color: #000000\"><span style=\"font-family: Montserrat, sans-serif\"><span style=\"font-size: medium\">il \u201cPiano Emergenza Freddo 2017\/2018\u201d che sar\u00e0 attivo sino al 15 marzo.<\/span><\/span><\/span><\/span><div id=\"videoincontent\" style=\"clear:both\";><\/div><\/p>\n<p lang=\"it-IT\"><span style=\"font-family: Arial, sans-serif\"><span style=\"color: #000000\"><span style=\"font-family: Montserrat, sans-serif\"><span style=\"font-size: medium\">Per i 41 senzatetto sar\u00e0 predisposto un apposito protocollo di emergenza ogniqualvolta si verificher\u00e0 un livello di criticit\u00e0 arancione\/rosso. Nel dettaglio, Comune a associazioni di volontariato lavoreranno in sinergia mettendo a disposizione dei clochard le proprie competenze e strutture.<\/span><\/span><\/span><\/span><\/p>\n<p lang=\"it-IT\"><span style=\"font-family: Arial, sans-serif\"><span style=\"color: #000000\"><span style=\"font-family: Montserrat, sans-serif\"><span style=\"font-size: medium\"><span style=\"font-family: Arial, sans-serif\">Per eventuali segnalazioni emergenziali baster\u00e0 contattare la Centrale operativa del Comune al numero telefonico 090 771000\u00a0della Polizia municipale, che trasmetter\u00e0 al Servizio sociale professionale del Dipartimento Politiche sociali le informazioni necessarie all\u2019avvio dell\u2019intervento pi\u00f9 opportuno.<\/span> <\/span><\/span><\/span><\/span><\/p>\n<p> <br \/>\n <\/p>\n","protected":false},"excerpt":{"rendered":"<p>Sono 110 i senzatetto censiti dai punti sentinella della IV, V e VI Circoscrizione, 41 dei quali hanno deciso volontariamente di trascorrere le notti all&#8217;aperto, senza usufruire dei servizi di accoglienza del territorio messi a loro disposizione. Con il progressivo abbassarsi delle temperature dovuto al subentrare della stagione invernale questa sotto-categoria rischia per\u00f2 la propria [&hellip;]<\/p>\n","protected":false},"author":8,"featured_media":13547,"comment_status":"closed","ping_status":"open","sticky":false,"template":"","format":"standard","meta":{"ub_ctt_via":"","_mi_skip_tracking":false},"categories":[5],"tags":[],"featured_image_src":"https:\/\/www.messinaoggi.it\/website\/wp-content\/uploads\/2017\/12\/senzatetto.jpg","author_info":{"display_name":"red..me","author_link":"https:\/\/www.messinaoggi.it\/website\/author\/redstage\/"},"digistream_id":0,"digistream":false,"_links":{"self":[{"href":"https:\/\/www.messinaoggi.it\/website\/wp-json\/wp\/v2\/posts\/13546"}],"collection":[{"href":"https:\/\/www.messinaoggi.it\/website\/wp-json\/wp\/v2\/posts"}],"about":[{"href":"https:\/\/www.messinaoggi.it\/website\/wp-json\/wp\/v2\/types\/post"}],"author":[{"embeddable":true,"href":"https:\/\/www.messinaoggi.it\/website\/wp-json\/wp\/v2\/users\/8"}],"replies":[{"embeddable":true,"href":"https:\/\/www.messinaoggi.it\/website\/wp-json\/wp\/v2\/comments?post=13546"}],"version-history":[{"count":0,"href":"https:\/\/www.messinaoggi.it\/website\/wp-json\/wp\/v2\/posts\/13546\/revisions"}],"wp:featuredmedia":[{"embeddable":true,"href":"https:\/\/www.messinaoggi.it\/website\/wp-json\/wp\/v2\/media\/13547"}],"wp:attachment":[{"href":"https:\/\/www.messinaoggi.it\/website\/wp-json\/wp\/v2\/media?parent=13546"}],"wp:term":[{"taxonomy":"category","embeddable":true,"href":"https:\/\/www.messinaoggi.it\/website\/wp-json\/wp\/v2\/categories?post=13546"},{"taxonomy":"post_tag","embeddable":true,"href":"https:\/\/www.messinaoggi.it\/website\/wp-json\/wp\/v2\/tags?post=13546"}],"curies":[{"name":"wp","href":"https:\/\/api.w.org\/{rel}","templated":true}]}}