{"id":135375,"date":"2022-12-23T16:02:51","date_gmt":"2022-12-23T15:02:51","guid":{"rendered":"https:\/\/www.messinaoggi.it\/website\/2022\/12\/23\/schifani-auguri-di-buon-natale-ai-siciliani-lavorero-per-far-crescere-la-nostra-regione\/"},"modified":"2022-12-23T16:02:51","modified_gmt":"2022-12-23T15:02:51","slug":"schifani-auguri-di-buon-natale-ai-siciliani-lavorero-per-far-crescere-la-nostra-regione","status":"publish","type":"post","link":"https:\/\/www.messinaoggi.it\/website\/2022\/12\/23\/schifani-auguri-di-buon-natale-ai-siciliani-lavorero-per-far-crescere-la-nostra-regione\/","title":{"rendered":"Schifani \u201cAuguri di Buon Natale ai siciliani, lavorer\u00f2 per far crescere la nostra regione\u201d"},"content":{"rendered":"<div>\n<p>PALERMO (ITALPRESS) \u2013 \u201cCare siciliane e cari siciliani, consentitemi innanzitutto di rivolgere un pensiero di forte vicinanza al popolo ucraino, un popolo che sta soffrendo i grandi dolori di una grave aggressione. Buon Natale a chi soffre, Buon Natale a chi vive un disagio sociale. Il mio massimo impegno, in questi anni di governo, sar\u00e0 rivolto a loro. Lavorer\u00f2 senza sosta per far crescere la nostra regione, attraverso l\u2019occupazione, una sanit\u00e0 pi\u00f9 efficiente, per dotarla di migliori trasporti. E lo far\u00f2 in silenzio, con il doveroso garbo istituzionale che \u00e8 necessario in un momento di politica che \u00e8 troppo urlata. Ma lo far\u00f2 con la forte determinazione di chi ama la propria terra. Buon Natale\u201d. Cos\u00ec il presidente della Regione siciliana, Renato Schifani, nel messaggio di auguri per il Natale rivolto ai siciliani.<br \/>foto ufficio stampa presidenza Regione siciliana<br \/>(ITALPRESS).<div id=\"div-gpt-ad-Messinaoggi.it-DSK-300x250-corpoart\" style=\"text-align:center;margin:0 auto;\"><\/div><\/p>\n<\/div>\n<div id=\"videoincontent\" style=\"clear:both\";><\/div>","protected":false},"excerpt":{"rendered":"<p>PALERMO (ITALPRESS) \u2013 \u201cCare siciliane e cari siciliani, consentitemi innanzitutto di rivolgere un pensiero di forte vicinanza al popolo ucraino, un popolo che sta soffrendo i grandi dolori di una grave aggressione. Buon Natale a chi soffre, Buon Natale a chi vive un disagio sociale. Il mio massimo impegno, in questi anni di governo, sar\u00e0 [&hellip;]<\/p>\n","protected":false},"author":18,"featured_media":135376,"comment_status":"closed","ping_status":"closed","sticky":false,"template":"","format":"standard","meta":{"ub_ctt_via":"","_mi_skip_tracking":false},"categories":[2449],"tags":[783],"featured_image_src":"https:\/\/www.messinaoggi.it\/website\/wp-content\/uploads\/2022\/12\/20221223_1106.jpg","author_info":{"display_name":"Admin","author_link":"https:\/\/www.messinaoggi.it\/website\/author\/admin\/"},"digistream_id":0,"digistream":false,"_links":{"self":[{"href":"https:\/\/www.messinaoggi.it\/website\/wp-json\/wp\/v2\/posts\/135375"}],"collection":[{"href":"https:\/\/www.messinaoggi.it\/website\/wp-json\/wp\/v2\/posts"}],"about":[{"href":"https:\/\/www.messinaoggi.it\/website\/wp-json\/wp\/v2\/types\/post"}],"author":[{"embeddable":true,"href":"https:\/\/www.messinaoggi.it\/website\/wp-json\/wp\/v2\/users\/18"}],"replies":[{"embeddable":true,"href":"https:\/\/www.messinaoggi.it\/website\/wp-json\/wp\/v2\/comments?post=135375"}],"version-history":[{"count":0,"href":"https:\/\/www.messinaoggi.it\/website\/wp-json\/wp\/v2\/posts\/135375\/revisions"}],"wp:featuredmedia":[{"embeddable":true,"href":"https:\/\/www.messinaoggi.it\/website\/wp-json\/wp\/v2\/media\/135376"}],"wp:attachment":[{"href":"https:\/\/www.messinaoggi.it\/website\/wp-json\/wp\/v2\/media?parent=135375"}],"wp:term":[{"taxonomy":"category","embeddable":true,"href":"https:\/\/www.messinaoggi.it\/website\/wp-json\/wp\/v2\/categories?post=135375"},{"taxonomy":"post_tag","embeddable":true,"href":"https:\/\/www.messinaoggi.it\/website\/wp-json\/wp\/v2\/tags?post=135375"}],"curies":[{"name":"wp","href":"https:\/\/api.w.org\/{rel}","templated":true}]}}