{"id":135245,"date":"2022-12-22T16:01:29","date_gmt":"2022-12-22T15:01:29","guid":{"rendered":"http:\/\/www.messinaoggi.it\/website\/?p=135245"},"modified":"2022-12-22T16:03:05","modified_gmt":"2022-12-22T15:03:05","slug":"presentato-bilancio-dei-5-anni-di-camera-di-commercio","status":"publish","type":"post","link":"https:\/\/www.messinaoggi.it\/website\/2022\/12\/22\/presentato-bilancio-dei-5-anni-di-camera-di-commercio\/","title":{"rendered":"Presentato bilancio dei 5 anni di Camera di Commercio"},"content":{"rendered":"\n<p>In cento pagine, la sintesi di ci\u00f2 che \u00e8 stato realizzato negli ultimi cinque anni e di ci\u00f2 che s\u2019intende fare nel prosieguo. \u00c8 stata presentata questa mattina al Palazzo camerale, nel corso di una conferenza stampa, la pubblicazione del bilancio di mandato della Giunta camerale guidata dal presidente,<strong> Ivo Blandina.<\/strong><div id=\"div-gpt-ad-Messinaoggi.it-DSK-300x250-corpoart\" style=\"text-align:center;margin:0 auto;\"><\/div><\/p>\n\n\n\n<p>\u00abDieci anni fa le associazioni di categoria, i sindacati e gli ordini professionali diedero vita al tavolo \u201cUniti per Messina\u201d &#8211; afferma Blandina \u2013 avviando, cos\u00ec, una nuova stagione di elaborazione e confronto sui temi dello sviluppo e del lavoro. Un\u2019esperienza che, ancora oggi, ci ricorda che l\u2019unit\u00e0 \u00e8 un valore. E proprio questo \u00e8 stato l\u2019elemento centrale della ricostituita governance della nostra Camera di commercio: qui abbiamo trasferito il nostro impegno comune, insieme agli stessi valori, conservando la medesima spinta ideale. Una missione che ci eravamo affidati e che stiamo perseguendo con la stessa convinzione\u00bb.<div id=\"videoincontent\" style=\"clear:both\";><\/div><\/p>\n\n\n\n<p>Si parte dal contesto socio-economico nel quale l\u2019Ente camerale opera, per poi porre l\u2019accento sulla sua identit\u00e0, sui servizi e sulle risorse di cui dispone. Spazio, poi, ai risultati conseguiti con i progetti e gli eventi portati avanti, con lo sguardo proteso al futuro, del quale sono gi\u00e0 state delineate le linee strategiche. \u00abIl personale ridotto drasticamente, a causa dei pensionamenti che si sono succeduti negli anni, e mai rinnovato per mancanza di risorse finanziarie \u2013 dichiara la segretaria generale, Paola Sabella &#8211; il lock down, il peso sul bilancio degli oneri pensionistici e la riduzione del diritto annuale non hanno impedito, con notevole sforzo e tanta passione, la realizzazione di molteplici attivit\u00e0 e progetti. Oggi, la Camera di commercio di Messina \u00e8 considerata, grazie al lavoro svolto in questi ultimi anni, tra gli Enti camerali pi\u00f9 attivi e visibili del sistema, ottenendo un riposizionamento importante del suo ruolo come coordinatore dello sviluppo economico del territorio\u00bb.<\/p>\n\n\n\n<p>Innovazione, progettualit\u00e0, sostenibilit\u00e0, digitale, promozione del territorio, turismo e cultura sono stati i fattori alla base delle strategie degli organi camerali, concentrando l\u2019attenzione sul mondo delle imprese, destinatari principali dei servizi e delle attivit\u00e0 camerali. E, per il futuro, le linee guida seguono la stessa direzione. Come dimostrano le iniziative gi\u00e0 in cantiere, indicate dalle associazioni di categoria rappresentate nel Consiglio camerale.<\/p>\n\n\n\n<p>Oltre alla prosecuzione dei progetti gi\u00e0 avviati, Rideonstrait, Porta Del Mare, Destination Make! Messina e Mirabilia, verranno supportati i progetti del Pnrr; saranno creati centri commerciali integrati di via; promosse, valorizzate e tutelate le imprese artigiane, le produzioni tipiche locali con la costituzione del \u201cBee Sicily \u2013 Welcome Center\u201d e del Laboratorio sociale di smielatura \u201cBee-future\u201d. Sar\u00e0, altres\u00ec, ripristinata la biblioteca camerale e realizzato un centro documentazione, partendo dal potenziamento del personale e dalla risoluzione del problema delle pensioni a carico delle Camere di commercio siciliane.<\/p>\n\n\n\n<p>E, al fine di creare un sistema imprenditoriale di qualit\u00e0, \u00e8 stata gi\u00e0 avviata una collaborazione con la struttura manageriale ZES Sicilia Orientale per l\u2019espletamento dell\u2019attivit\u00e0 istituzionale all\u2019interno di uno sportello sito nel Palazzo camerale.<\/p>\n\n\n\n<p>Presenti alla conferenza stampa anche i componenti della Giunta camerale, <strong>Cettina Scaffidi, Tonino Genovese, Carmelo Picciotto e Vito Siracusa.<\/strong><\/p>\n","protected":false},"excerpt":{"rendered":"<p>In cento pagine, la sintesi di ci\u00f2 che \u00e8 stato realizzato negli ultimi cinque anni e di ci\u00f2 che s\u2019intende fare nel prosieguo. \u00c8 stata presentata questa mattina al Palazzo camerale, nel corso di una conferenza stampa, la pubblicazione del bilancio di mandato della Giunta camerale guidata dal presidente, Ivo Blandina. \u00abDieci anni fa le [&hellip;]<\/p>\n","protected":false},"author":15,"featured_media":135246,"comment_status":"open","ping_status":"open","sticky":false,"template":"","format":"standard","meta":{"ub_ctt_via":"","_mi_skip_tracking":false},"categories":[5],"tags":[3015,1012,4201],"featured_image_src":"https:\/\/www.messinaoggi.it\/website\/wp-content\/uploads\/2022\/12\/Bilancio-Camera-Commercio.jpeg","author_info":{"display_name":"red.me","author_link":"https:\/\/www.messinaoggi.it\/website\/author\/red-me\/"},"digistream_id":0,"digistream":false,"_links":{"self":[{"href":"https:\/\/www.messinaoggi.it\/website\/wp-json\/wp\/v2\/posts\/135245"}],"collection":[{"href":"https:\/\/www.messinaoggi.it\/website\/wp-json\/wp\/v2\/posts"}],"about":[{"href":"https:\/\/www.messinaoggi.it\/website\/wp-json\/wp\/v2\/types\/post"}],"author":[{"embeddable":true,"href":"https:\/\/www.messinaoggi.it\/website\/wp-json\/wp\/v2\/users\/15"}],"replies":[{"embeddable":true,"href":"https:\/\/www.messinaoggi.it\/website\/wp-json\/wp\/v2\/comments?post=135245"}],"version-history":[{"count":3,"href":"https:\/\/www.messinaoggi.it\/website\/wp-json\/wp\/v2\/posts\/135245\/revisions"}],"predecessor-version":[{"id":135249,"href":"https:\/\/www.messinaoggi.it\/website\/wp-json\/wp\/v2\/posts\/135245\/revisions\/135249"}],"wp:featuredmedia":[{"embeddable":true,"href":"https:\/\/www.messinaoggi.it\/website\/wp-json\/wp\/v2\/media\/135246"}],"wp:attachment":[{"href":"https:\/\/www.messinaoggi.it\/website\/wp-json\/wp\/v2\/media?parent=135245"}],"wp:term":[{"taxonomy":"category","embeddable":true,"href":"https:\/\/www.messinaoggi.it\/website\/wp-json\/wp\/v2\/categories?post=135245"},{"taxonomy":"post_tag","embeddable":true,"href":"https:\/\/www.messinaoggi.it\/website\/wp-json\/wp\/v2\/tags?post=135245"}],"curies":[{"name":"wp","href":"https:\/\/api.w.org\/{rel}","templated":true}]}}