{"id":135240,"date":"2022-12-22T15:24:46","date_gmt":"2022-12-22T14:24:46","guid":{"rendered":"http:\/\/www.messinaoggi.it\/website\/?p=135240"},"modified":"2022-12-22T15:27:32","modified_gmt":"2022-12-22T14:27:32","slug":"de-luca-m5s-su-schifani-mancette-in-cambio-di-miliardi","status":"publish","type":"post","link":"https:\/\/www.messinaoggi.it\/website\/2022\/12\/22\/de-luca-m5s-su-schifani-mancette-in-cambio-di-miliardi\/","title":{"rendered":"De Luca (M5S) su Schifani &#8220;mancette in cambio di miliardi&#8221;"},"content":{"rendered":"\n<p>\u201cIn Sicilia corsi e ricorsi di vichiana memoria sono la costante e, purtroppo, quasi sempre in negativo. Vorremmo capire bene quali sono, nei minimi dettagli, i termini \u00a0dell&#8217;accordo chiuso da Schifani con Roma, che poterebbero in Sicilia una mancetta in cambio dei miliardi dovuti dallo Stato per la maggiore compartecipazione della Regione alla spesa sanitaria. Era salito a Roma a chiedere 650 milioni, \u00e8 tornato con 200, rinunciando a pi\u00f9 di 8 miliardi derivanti dalla compensazione finanziaria per gli anni 2007 al 2021\u201d.<div id=\"div-gpt-ad-Messinaoggi.it-DSK-300x250-corpoart\" style=\"text-align:center;margin:0 auto;\"><\/div><\/p>\n\n\n\n<p><br>Lo afferma il capogruppo del M5S all&#8217;Ars <strong>Antonio De Luca.<\/strong><div id=\"videoincontent\" style=\"clear:both\";><\/div><\/p>\n\n\n\n<p><br>\u00a0\u201cSembra di rivedere \u2013 continua <strong>Antonio De Luca<\/strong> &#8211; la storia del disastroso governo Crocetta, che in cambio di poco pi\u00f9 di 500 milioni cash rinunci\u00f2 a contenziosi con lo Stato che avrebbero potuto portare nelle casse della Regione cifre ben pi\u00f9 alte. Noi non ci stiamo: questa politica che non guarda pi\u00f9 avanti del proprio naso \u00e8 una sorta di pilota automatico verso il disastro di cui pagheranno le conseguenza le prossime generazioni. Schifani venga in aula a riferire prima della variazione di bilancio. Non siamo disposti a firmargli assegni in bianco, specie se la firma apposta non \u00e8 con l&#8217;inchiostro ma col sangue dei siciliani\u201d.<\/p>\n","protected":false},"excerpt":{"rendered":"<p>\u201cIn Sicilia corsi e ricorsi di vichiana memoria sono la costante e, purtroppo, quasi sempre in negativo. Vorremmo capire bene quali sono, nei minimi dettagli, i termini \u00a0dell&#8217;accordo chiuso da Schifani con Roma, che poterebbero in Sicilia una mancetta in cambio dei miliardi dovuti dallo Stato per la maggiore compartecipazione della Regione alla spesa sanitaria. [&hellip;]<\/p>\n","protected":false},"author":15,"featured_media":120698,"comment_status":"open","ping_status":"open","sticky":false,"template":"","format":"standard","meta":{"ub_ctt_via":"","_mi_skip_tracking":false},"categories":[11],"tags":[1113,1091,173,757,583,1817],"featured_image_src":"https:\/\/www.messinaoggi.it\/website\/wp-content\/uploads\/2022\/09\/Antonio-De-Luca-regionali.jpg","author_info":{"display_name":"red.me","author_link":"https:\/\/www.messinaoggi.it\/website\/author\/red-me\/"},"digistream_id":0,"digistream":false,"_links":{"self":[{"href":"https:\/\/www.messinaoggi.it\/website\/wp-json\/wp\/v2\/posts\/135240"}],"collection":[{"href":"https:\/\/www.messinaoggi.it\/website\/wp-json\/wp\/v2\/posts"}],"about":[{"href":"https:\/\/www.messinaoggi.it\/website\/wp-json\/wp\/v2\/types\/post"}],"author":[{"embeddable":true,"href":"https:\/\/www.messinaoggi.it\/website\/wp-json\/wp\/v2\/users\/15"}],"replies":[{"embeddable":true,"href":"https:\/\/www.messinaoggi.it\/website\/wp-json\/wp\/v2\/comments?post=135240"}],"version-history":[{"count":1,"href":"https:\/\/www.messinaoggi.it\/website\/wp-json\/wp\/v2\/posts\/135240\/revisions"}],"predecessor-version":[{"id":135241,"href":"https:\/\/www.messinaoggi.it\/website\/wp-json\/wp\/v2\/posts\/135240\/revisions\/135241"}],"wp:featuredmedia":[{"embeddable":true,"href":"https:\/\/www.messinaoggi.it\/website\/wp-json\/wp\/v2\/media\/120698"}],"wp:attachment":[{"href":"https:\/\/www.messinaoggi.it\/website\/wp-json\/wp\/v2\/media?parent=135240"}],"wp:term":[{"taxonomy":"category","embeddable":true,"href":"https:\/\/www.messinaoggi.it\/website\/wp-json\/wp\/v2\/categories?post=135240"},{"taxonomy":"post_tag","embeddable":true,"href":"https:\/\/www.messinaoggi.it\/website\/wp-json\/wp\/v2\/tags?post=135240"}],"curies":[{"name":"wp","href":"https:\/\/api.w.org\/{rel}","templated":true}]}}