{"id":135232,"date":"2022-12-22T14:17:50","date_gmt":"2022-12-22T13:17:50","guid":{"rendered":"https:\/\/www.messinaoggi.it\/website\/2022\/12\/22\/a-palermo-giornata-divulgazione-della-scienza-nel-segno-di-piero-angela\/"},"modified":"2022-12-22T14:17:50","modified_gmt":"2022-12-22T13:17:50","slug":"a-palermo-giornata-divulgazione-della-scienza-nel-segno-di-piero-angela","status":"publish","type":"post","link":"https:\/\/www.messinaoggi.it\/website\/2022\/12\/22\/a-palermo-giornata-divulgazione-della-scienza-nel-segno-di-piero-angela\/","title":{"rendered":"A Palermo giornata divulgazione della scienza nel segno di Piero Angela"},"content":{"rendered":"<div>\n<p>PALERMO (ITALPRESS) \u2013 L\u2019omaggio a Piero Angela e all\u2019articolo 9 della Costituzione da un lato, un messaggio alla politica per aumentare gli investimenti dall\u2019altro: \u00e8 con questi propositi che viene celebrata la prima Giornata della divulgazione della scienza, organizzata dall\u2019Universit\u00e0 di Palermo su proposta del presidente del Comitato dei Garanti Elio Cardinale. La cerimonia si \u00e8 tenuta nell\u2019Aula Magna della facolt\u00e0 di Ingegneria.<br \/>Obiettivo dell\u2019ateneo \u00e8 diffondere una corretta informazione a partire dagli studenti, in modo da mettere in futuro le loro conoscenze a disposizione del territorio: la scienza non rimarrebbe cos\u00ec materia esclusiva dei centri di ricerca, ma vedrebbe un progressivo allargamento degli interessati in un\u2019epoca in cui, soprattutto dopo l\u2019arrivo del Covid, diventa indispensabile distinguere fonti attendibili e inattendibili.<br \/>Il modello che si insegue \u00e8 il pi\u00f9 importante divulgatore scientifico italiano, quel Piero Angela nato il 22 dicembre di 94 anni fa e scomparso lo scorso 13 agosto: una figura cui l\u2019Universit\u00e0 aveva gi\u00e0 reso omaggio il 30 giugno 2001, con la laurea honoris causa in Scienze biologiche, ma la cui eredit\u00e0 costituisce una grande responsabilit\u00e0 per il mondo dell\u2019informazione scientifica, di cui l\u2019ateneo cerca di farsi pioniere. Un ulteriore omaggio ad Angela, ma anche un modo per incrementare l\u2019interesse per la scienza nel segno della competitivit\u00e0, arriver\u00e0 il prossimo anno con un premio per i ricercatori under 35 che si siano distinti in questo campo.<br \/>Il 22 dicembre \u00e8 anche la data in cui, 75 anni fa, venne istituito dall\u2019Assemblea costituente l\u2019articolo 9 della futura Costituzione, il quale mirava a promuovere \u201clo sviluppo della cultura e della ricerca scientifica e tecnica, [\u2026] anche nell\u2019interesse delle future generazioni\u201d.<br \/>Per il rettore Massimo Midiri fare divulgazione scientifica \u201cha un valore non solo culturale ma anche sociale, nella misura in cui accresce un senso di comunit\u00e0 tra gli studenti e mette le loro conoscenze a disposizione di enti locali e stakeholder. In un\u2019epoca in cui i social dilagano \u00e8 fondamentale essere chiari e risvegliare il piacere della conoscenza, ma soprattutto imparare a distinguere le informazioni veritiere da quelle poco credibili\u201d. Fondamentale, per il numero uno dell\u2019ateneo, l\u2019utilizzo di un linguaggio \u201cnon specialistico, ma in grado di catturare l\u2019attenzione di quanti pi\u00f9 utenti possibile\u201d.<br \/>Cardinale rilancia l\u2019auspicio che da tale ricorrenza possa nascere \u201cuna grande alleanza tra politica e scienza, in modo che quest\u2019ultima venga considerata una risorsa in cui investire e non pi\u00f9 un peso. L\u2019Italia \u00e8 tra gli ultimi paesi in Europa e nel mondo a livello di spese nella scienza e nella ricerca: una simile carenza comporta un deficit di educazione, conoscenza, competenza e innovazione\u201d. <br \/>In tal senso un ruolo importante viene giocato dai docenti universitari, dal momento che \u201cc\u2019\u00e8 ancora chi ritiene poco qualificante parlare di comunicazione scientifica negli atenei: \u00e8 anche per colpa di questi soggetti che lo sviluppo della ricerca non va nella giusta direzione e platee purtroppo ancora ampie, come i no vax, non credono nella scienza\u201d.<br \/>E proprio la negazione dei vaccini e le responsabilit\u00e0 della politica sono al centro dell\u2019intervento di Ilaria Capua, direttrice del programma \u2018One Health Center of Eccellenc\u00e8 presso l\u2019Universit\u00e0 della Florida: in particolare la virologa chiama in causa due ex leader, Donald Trump e Boris Johnson, dal momento che \u201cil modo in cui hanno minimizzato i rischi per la popolazione e l\u2019importanza dei vaccini non ha dato loro possibilit\u00e0 di contrastare il Covid in tempo utile. Un messaggio sbagliato della politica spinge le persone a non vaccinarsi e aumenta il rischio di morte\u201d. <br \/>La divulgazione scientifica funge quindi da contrasto al negazionismo, che secondo Capua \u201crischia di far crollare sistemi interi, soprattutto quando viene alimentato da esperti bugiardi, fallacie logiche e teorie del complotto. Fare corretta informazione significa fornire alle persone la consapevolezza che un virus non si esaurisce in pochi anni: la storia ci insegna che possono trascorrerne pure migliaia\u201d. <div id=\"div-gpt-ad-Messinaoggi.it-DSK-300x250-corpoart\" style=\"text-align:center;margin:0 auto;\"><\/div><\/p>\n<p>\u2013 foto: xd8\/Italpress <div id=\"videoincontent\" style=\"clear:both\";><\/div><\/p>\n<p>(ITALPRESS)<\/p>\n<\/div>\n","protected":false},"excerpt":{"rendered":"<p>PALERMO (ITALPRESS) \u2013 L\u2019omaggio a Piero Angela e all\u2019articolo 9 della Costituzione da un lato, un messaggio alla politica per aumentare gli investimenti dall\u2019altro: \u00e8 con questi propositi che viene celebrata la prima Giornata della divulgazione della scienza, organizzata dall\u2019Universit\u00e0 di Palermo su proposta del presidente del Comitato dei Garanti Elio Cardinale. La cerimonia si [&hellip;]<\/p>\n","protected":false},"author":18,"featured_media":135233,"comment_status":"closed","ping_status":"closed","sticky":false,"template":"","format":"standard","meta":{"ub_ctt_via":"","_mi_skip_tracking":false},"categories":[2449],"tags":[783],"featured_image_src":"https:\/\/www.messinaoggi.it\/website\/wp-content\/uploads\/2022\/12\/20221222_0758.jpg","author_info":{"display_name":"Admin","author_link":"https:\/\/www.messinaoggi.it\/website\/author\/admin\/"},"digistream_id":0,"digistream":false,"_links":{"self":[{"href":"https:\/\/www.messinaoggi.it\/website\/wp-json\/wp\/v2\/posts\/135232"}],"collection":[{"href":"https:\/\/www.messinaoggi.it\/website\/wp-json\/wp\/v2\/posts"}],"about":[{"href":"https:\/\/www.messinaoggi.it\/website\/wp-json\/wp\/v2\/types\/post"}],"author":[{"embeddable":true,"href":"https:\/\/www.messinaoggi.it\/website\/wp-json\/wp\/v2\/users\/18"}],"replies":[{"embeddable":true,"href":"https:\/\/www.messinaoggi.it\/website\/wp-json\/wp\/v2\/comments?post=135232"}],"version-history":[{"count":0,"href":"https:\/\/www.messinaoggi.it\/website\/wp-json\/wp\/v2\/posts\/135232\/revisions"}],"wp:featuredmedia":[{"embeddable":true,"href":"https:\/\/www.messinaoggi.it\/website\/wp-json\/wp\/v2\/media\/135233"}],"wp:attachment":[{"href":"https:\/\/www.messinaoggi.it\/website\/wp-json\/wp\/v2\/media?parent=135232"}],"wp:term":[{"taxonomy":"category","embeddable":true,"href":"https:\/\/www.messinaoggi.it\/website\/wp-json\/wp\/v2\/categories?post=135232"},{"taxonomy":"post_tag","embeddable":true,"href":"https:\/\/www.messinaoggi.it\/website\/wp-json\/wp\/v2\/tags?post=135232"}],"curies":[{"name":"wp","href":"https:\/\/api.w.org\/{rel}","templated":true}]}}