{"id":135208,"date":"2022-12-22T13:17:52","date_gmt":"2022-12-22T12:17:52","guid":{"rendered":"https:\/\/www.messinaoggi.it\/website\/2022\/12\/22\/allarme-crack-a-palermo-prefetto-avvia-percorso-partendo-da-ballaro\/"},"modified":"2022-12-22T13:17:52","modified_gmt":"2022-12-22T12:17:52","slug":"allarme-crack-a-palermo-prefetto-avvia-percorso-partendo-da-ballaro","status":"publish","type":"post","link":"https:\/\/www.messinaoggi.it\/website\/2022\/12\/22\/allarme-crack-a-palermo-prefetto-avvia-percorso-partendo-da-ballaro\/","title":{"rendered":"Allarme crack a Palermo, Prefetto avvia percorso partendo da Ballar\u00f2"},"content":{"rendered":"<div>\n<p>PALERMO (ITALPRESS) \u2013 Il Prefetto di Palermo, Maria Teresa Cucinotta, ha presieduto un incontro in prefettura sul tema della prevenzione e del contrasto della tossicodipendenza, con uno specifico focus sul quartiere Ballar\u00f2 di Palermo.<br \/>Hanno partecipato all\u2019incontro: in rappresentanza del Comune di Palermo, Maurizio Carta, Assessore Comunale Urbanistica e Pianificazione e Strategica; Rosalia Pennino, Assessore Comunale Assistenza Sociale e Sociosanitaria, Claudia Caramanna, Procuratore del Tribunale dei Minorenni e Maria Elisa Beninato in rappresentanza del Presidente del Tribunale dei Minorenni,  Pietro Velardi Funzionario Vicario dell\u2019Ambito Territoriale dell\u2019USR Sicilia, Maurizio Montalbano, Direttore Dipartimento Salute Menatale ASP Palermo e Giampaolo Spinnato, Direttore del Servizio Dipendenza Patologiche ASP Palermo, Don Enzo Volpe in rappresentanza dell\u2019Associazione SOS Ballar\u00f2, oltre ai vertici delle Forze di polizia territoriali, Leopoldo Laricchia, Questore di Palermo, il Generale Giuseppe De Liso Comandante Provinciale  Carabinieri, il Colonnello Gianluca Angelini, Comandante Nucleo di Polizia Economico-Finanziario in rappresentanza del Comando Provinciale della Guardia di Finanza. <br \/>\u201cNel corso dell\u2019incontro \u2013 si legge nella nota \u2013 \u00e8 stata condivisa l\u2019esigenza di un approccio integrato che coinvolga in un\u2019azione sistemica attori istituzionali, Forze di polizia, servizi sociali, Asp, comunit\u00e0 parrocchiali, scuola e componenti sociali che operano sul territorio, verso il comune obiettivo della prevenzione e del contrasto delle dipendenze patologiche, prendendo in carico quel disagio diffuso e ricorrente in quartieri, quale quello di Ballar\u00f2, connotati da particolari fragilit\u00e0 sociali\u201d.<br \/>Il Prefetto, proprio nel raccogliere le istanze della comunit\u00e0 di quei quartieri, ha rimarcato l\u2019esigenza di \u201cpotenziare la rete di prossimit\u00e0 nelle realt\u00e0 territoriali nelle quali \u00e8 pi\u00f9 pressante la richiesta di un intervento immediato, attraverso progettualit\u00e0 integrate che contemplino la tempestiva attivazione di punti di ascolto e di aggregazione, veicolo di un processo educativo e di crescita sociale, che accompagni la costante azione repressiva delle Forze di polizia gi\u00e0 impegnate quotidianamente sul territorio  nel contrasto alla criminalit\u00e0 e ai traffici illeciti\u201d. <br \/>E\u2019 stata condivisa, altres\u00ec, l\u2019esigenza di prevedere, nel percorso integrato tracciato oggi, l\u2019avvio di mirati interventi di rigenerazione urbana, volti a contrastare lo stato di degrado e la marginalit\u00e0, che concorrono al proliferare del disagio e dell\u2019illegalit\u00e0 in particolare aree cittadine.<br \/>La prossima riunione del tavolo odierno \u00e8 gi\u00e0 stata fissata per la met\u00e0 del prossimo mese di gennaio, al fine di monitorare le prime tappe del processo attuativo.<div id=\"div-gpt-ad-Messinaoggi.it-DSK-300x250-corpoart\" style=\"text-align:center;margin:0 auto;\"><\/div><\/p>\n<p>\u2013 foto: ufficio stampa Prefettura <div id=\"videoincontent\" style=\"clear:both\";><\/div><\/p>\n<p>(ITALPRESS).<\/p>\n<\/div>\n","protected":false},"excerpt":{"rendered":"<p>PALERMO (ITALPRESS) \u2013 Il Prefetto di Palermo, Maria Teresa Cucinotta, ha presieduto un incontro in prefettura sul tema della prevenzione e del contrasto della tossicodipendenza, con uno specifico focus sul quartiere Ballar\u00f2 di Palermo.Hanno partecipato all\u2019incontro: in rappresentanza del Comune di Palermo, Maurizio Carta, Assessore Comunale Urbanistica e Pianificazione e Strategica; Rosalia Pennino, Assessore Comunale [&hellip;]<\/p>\n","protected":false},"author":18,"featured_media":135209,"comment_status":"closed","ping_status":"closed","sticky":false,"template":"","format":"standard","meta":{"ub_ctt_via":"","_mi_skip_tracking":false},"categories":[2449],"tags":[783],"featured_image_src":"https:\/\/www.messinaoggi.it\/website\/wp-content\/uploads\/2022\/12\/20221222_0587.jpg","author_info":{"display_name":"Admin","author_link":"https:\/\/www.messinaoggi.it\/website\/author\/admin\/"},"digistream_id":0,"digistream":false,"_links":{"self":[{"href":"https:\/\/www.messinaoggi.it\/website\/wp-json\/wp\/v2\/posts\/135208"}],"collection":[{"href":"https:\/\/www.messinaoggi.it\/website\/wp-json\/wp\/v2\/posts"}],"about":[{"href":"https:\/\/www.messinaoggi.it\/website\/wp-json\/wp\/v2\/types\/post"}],"author":[{"embeddable":true,"href":"https:\/\/www.messinaoggi.it\/website\/wp-json\/wp\/v2\/users\/18"}],"replies":[{"embeddable":true,"href":"https:\/\/www.messinaoggi.it\/website\/wp-json\/wp\/v2\/comments?post=135208"}],"version-history":[{"count":0,"href":"https:\/\/www.messinaoggi.it\/website\/wp-json\/wp\/v2\/posts\/135208\/revisions"}],"wp:featuredmedia":[{"embeddable":true,"href":"https:\/\/www.messinaoggi.it\/website\/wp-json\/wp\/v2\/media\/135209"}],"wp:attachment":[{"href":"https:\/\/www.messinaoggi.it\/website\/wp-json\/wp\/v2\/media?parent=135208"}],"wp:term":[{"taxonomy":"category","embeddable":true,"href":"https:\/\/www.messinaoggi.it\/website\/wp-json\/wp\/v2\/categories?post=135208"},{"taxonomy":"post_tag","embeddable":true,"href":"https:\/\/www.messinaoggi.it\/website\/wp-json\/wp\/v2\/tags?post=135208"}],"curies":[{"name":"wp","href":"https:\/\/api.w.org\/{rel}","templated":true}]}}