{"id":135206,"date":"2022-12-22T13:17:50","date_gmt":"2022-12-22T12:17:50","guid":{"rendered":"https:\/\/www.messinaoggi.it\/website\/2022\/12\/22\/schifani-la-pedemontana-cambiera-la-viabilita-di-palermo\/"},"modified":"2022-12-22T13:17:50","modified_gmt":"2022-12-22T12:17:50","slug":"schifani-la-pedemontana-cambiera-la-viabilita-di-palermo","status":"publish","type":"post","link":"https:\/\/www.messinaoggi.it\/website\/2022\/12\/22\/schifani-la-pedemontana-cambiera-la-viabilita-di-palermo\/","title":{"rendered":"Schifani \u201cLa Pedemontana cambier\u00e0 la viabilit\u00e0 di Palermo\u201d"},"content":{"rendered":"<div>\n<p>PALERMO (ITALPRESS) \u2013 Palermo avr\u00e0 la sua pedemontana, un nuovo asse autostradale di 19,4 km che permetter\u00e0 di collegare l\u2019autostrada A19 \u201cPalermo-Catania\u201d e l\u2019autostrada A29 \u201cPalermo-Mazara del Vallo\u201d, consentendo cos\u00ec una razionalizzazione del traffico extraurbano e interprovinciale che attualmente transita, assieme al traffico urbano di Palermo, sull\u2019unico collegamento veloce esistente tra le due autostrade ovvero il Viale della Regione Siciliana (noto anche come Circonvallazione di Palermo) arteria a tutti gli effetti \u201curbana\u201d. Il tratto sar\u00e0 composto da 6 svincoli, 6 viadotti e 5 gallerie naturali. \u201cOggi \u00e8 una giornata importante \u2013 ha detto Renato Schifani, presidente della Regione Siciliana -. La nuova tangenziale di Palermo \u00e8 un percorso che cambier\u00e0 la viabilit\u00e0 di Palermo. E\u2019 arrivato il momento di intervenire su assi strategici\u201d.<br \/>\n\u201c\u00c8 un opera che varr\u00e0 1,3 miliardi di euro \u2013 ha aggiunto Alessandro Aric\u00f2, assessore alle infrastrutture della Regione Siciliana -. La citt\u00e0 si potr\u00e0 attraversare in circa 15 minuti, con una velocit\u00e0 da 70 a 120 km\/h. \u00c8 un\u2019opera fondamentale anche per il traffico aeroportuale, con l\u2019aeroporto di Palermo che potr\u00e0 diventare anche intercontinentale\u201d.<br \/>\nGrande soddisfazione anche da parte del sindaco di Palermo, Roberto Lagalla: \u201cLa realizzazione di questa opera \u00e8 uno degli obiettivi anche del governo comunale, su impulso della Regione. C\u2019\u00e8 una volont\u00e0 reale di tutte le parti a lavorare insieme\u201d. All\u2019incontro erano presenti anche il direttore regionale di Anas, Raffaele Celia e l\u2019assessore comunale Tot\u00f2 Orlando.<div id=\"div-gpt-ad-Messinaoggi.it-DSK-300x250-corpoart\" style=\"text-align:center;margin:0 auto;\"><\/div><\/p>\n<p>\u2013 foto: xd6\/Italpress<div id=\"videoincontent\" style=\"clear:both\";><\/div><\/p>\n<p>(ITALPRESS).<\/p>\n<\/div>\n","protected":false},"excerpt":{"rendered":"<p>PALERMO (ITALPRESS) \u2013 Palermo avr\u00e0 la sua pedemontana, un nuovo asse autostradale di 19,4 km che permetter\u00e0 di collegare l\u2019autostrada A19 \u201cPalermo-Catania\u201d e l\u2019autostrada A29 \u201cPalermo-Mazara del Vallo\u201d, consentendo cos\u00ec una razionalizzazione del traffico extraurbano e interprovinciale che attualmente transita, assieme al traffico urbano di Palermo, sull\u2019unico collegamento veloce esistente tra le due autostrade ovvero [&hellip;]<\/p>\n","protected":false},"author":18,"featured_media":135207,"comment_status":"closed","ping_status":"closed","sticky":false,"template":"","format":"standard","meta":{"ub_ctt_via":"","_mi_skip_tracking":false},"categories":[2449],"tags":[783],"featured_image_src":"https:\/\/www.messinaoggi.it\/website\/wp-content\/uploads\/2022\/12\/20221222_0553.jpg","author_info":{"display_name":"Admin","author_link":"https:\/\/www.messinaoggi.it\/website\/author\/admin\/"},"digistream_id":0,"digistream":false,"_links":{"self":[{"href":"https:\/\/www.messinaoggi.it\/website\/wp-json\/wp\/v2\/posts\/135206"}],"collection":[{"href":"https:\/\/www.messinaoggi.it\/website\/wp-json\/wp\/v2\/posts"}],"about":[{"href":"https:\/\/www.messinaoggi.it\/website\/wp-json\/wp\/v2\/types\/post"}],"author":[{"embeddable":true,"href":"https:\/\/www.messinaoggi.it\/website\/wp-json\/wp\/v2\/users\/18"}],"replies":[{"embeddable":true,"href":"https:\/\/www.messinaoggi.it\/website\/wp-json\/wp\/v2\/comments?post=135206"}],"version-history":[{"count":0,"href":"https:\/\/www.messinaoggi.it\/website\/wp-json\/wp\/v2\/posts\/135206\/revisions"}],"wp:featuredmedia":[{"embeddable":true,"href":"https:\/\/www.messinaoggi.it\/website\/wp-json\/wp\/v2\/media\/135207"}],"wp:attachment":[{"href":"https:\/\/www.messinaoggi.it\/website\/wp-json\/wp\/v2\/media?parent=135206"}],"wp:term":[{"taxonomy":"category","embeddable":true,"href":"https:\/\/www.messinaoggi.it\/website\/wp-json\/wp\/v2\/categories?post=135206"},{"taxonomy":"post_tag","embeddable":true,"href":"https:\/\/www.messinaoggi.it\/website\/wp-json\/wp\/v2\/tags?post=135206"}],"curies":[{"name":"wp","href":"https:\/\/api.w.org\/{rel}","templated":true}]}}