{"id":135202,"date":"2022-12-22T11:47:53","date_gmt":"2022-12-22T10:47:53","guid":{"rendered":"https:\/\/www.messinaoggi.it\/website\/2022\/12\/22\/avviati-i-lavori-di-rimboschimento-nel-parco-della-favorita-a-palermo\/"},"modified":"2022-12-22T11:47:53","modified_gmt":"2022-12-22T10:47:53","slug":"avviati-i-lavori-di-rimboschimento-nel-parco-della-favorita-a-palermo","status":"publish","type":"post","link":"https:\/\/www.messinaoggi.it\/website\/2022\/12\/22\/avviati-i-lavori-di-rimboschimento-nel-parco-della-favorita-a-palermo\/","title":{"rendered":"Avviati i lavori di rimboschimento nel Parco della Favorita a Palermo"},"content":{"rendered":"<div>\n<p>PALERMO (ITALPRESS) \u2013 Recupero e riqualificazione delle aree, miglioramento della biodiversit\u00e0, piantumazione di nuovi alberi e anche la creazione di un giardino didattico. Sono queste alcune delle attivit\u00e0 iniziate oggi, volte alla rinaturalizzazione e al rimboschimento del Parco della Favorita, dopo il progetto elaborato dalla Citt\u00e0 Metropolitana a valere sul decreto Clima del ministero dell\u2019Ambiente.<br \/>\nLe opere, dal valore di circa 320 mila euro, comprenderanno in tutto 11,5 ettari, di cui 10 ettari nell\u2019area delle ex Scuderie Reali e un ettaro e mezzo dei Campi Malvagno. In quest\u2019ultimo spazio la Siap Service, societ\u00e0 incaricata per i lavori, proceder\u00e0 alla demolizione delle strutture abusive e alla realizzazione di un giardino didattico con nuove essenze arboree autoctone. In fase di progettazione, infatti, si \u00e8 optato per l\u2019adeguamento delle future aree anche per fini ricreativi e didattici. Per questa ragione, si \u00e8 deciso di non demolire interamente le tribune oggi presenti sui Campi Malvagno, ma di trasformarle in due tribune didattiche creando, pertanto, delle aule all\u2019aperto per eventuali eventi o programmi educativi.<br \/>\nNell\u2019area delle ex Scuderie Reali, invece, saranno abbattuti gli alberi pericolanti o morti e verranno piantumati nuovi alberi autoctoni. Un altro intervento progettato vede la realizzazione di un sentiero-natura all\u2019interno che si congiunga con il sentiero gi\u00e0 esistente, creando cos\u00ec un collegamento diretto proprio tra le due aree di intervento, i Campi Malvagno e le ex Scuderie Reali.<br \/>\n\u201cQuella di oggi \u00e8 una giornata importante perch\u00e8 racchiude diversi significati. Sicuramente questi lavori hanno un alto impatto ambientale perch\u00e8 interveniamo sul pi\u00f9 grande polmone verde della citt\u00e0 di Palermo e il Parco della Favorita necessita di una cura costante. Ma sottolineo anche gli aspetti legalitari ed educativi di questi interventi perch\u00e8 dalle strutture abusive che verranno eliminate nascer\u00e0 un giardino didattico che servir\u00e0 a insegnare alle giovani generazioni il rispetto per l\u2019ambiente e li guider\u00e0 alla conoscenza del parco\u201d, afferma il sindaco della Citt\u00e0 Metropolitana Roberto Lagalla.<div id=\"div-gpt-ad-Messinaoggi.it-DSK-300x250-corpoart\" style=\"text-align:center;margin:0 auto;\"><\/div><\/p>\n<p>\u2013 foto: ufficio stampa comune di Palermo<div id=\"videoincontent\" style=\"clear:both\";><\/div><\/p>\n<p>(ITALPRESS).<\/p>\n<\/div>\n","protected":false},"excerpt":{"rendered":"<p>PALERMO (ITALPRESS) \u2013 Recupero e riqualificazione delle aree, miglioramento della biodiversit\u00e0, piantumazione di nuovi alberi e anche la creazione di un giardino didattico. Sono queste alcune delle attivit\u00e0 iniziate oggi, volte alla rinaturalizzazione e al rimboschimento del Parco della Favorita, dopo il progetto elaborato dalla Citt\u00e0 Metropolitana a valere sul decreto Clima del ministero dell\u2019Ambiente. [&hellip;]<\/p>\n","protected":false},"author":18,"featured_media":135203,"comment_status":"closed","ping_status":"closed","sticky":false,"template":"","format":"standard","meta":{"ub_ctt_via":"","_mi_skip_tracking":false},"categories":[2449],"tags":[783],"featured_image_src":"https:\/\/www.messinaoggi.it\/website\/wp-content\/uploads\/2022\/12\/parcofavorita1-comnepalermo.jpg","author_info":{"display_name":"Admin","author_link":"https:\/\/www.messinaoggi.it\/website\/author\/admin\/"},"digistream_id":0,"digistream":false,"_links":{"self":[{"href":"https:\/\/www.messinaoggi.it\/website\/wp-json\/wp\/v2\/posts\/135202"}],"collection":[{"href":"https:\/\/www.messinaoggi.it\/website\/wp-json\/wp\/v2\/posts"}],"about":[{"href":"https:\/\/www.messinaoggi.it\/website\/wp-json\/wp\/v2\/types\/post"}],"author":[{"embeddable":true,"href":"https:\/\/www.messinaoggi.it\/website\/wp-json\/wp\/v2\/users\/18"}],"replies":[{"embeddable":true,"href":"https:\/\/www.messinaoggi.it\/website\/wp-json\/wp\/v2\/comments?post=135202"}],"version-history":[{"count":0,"href":"https:\/\/www.messinaoggi.it\/website\/wp-json\/wp\/v2\/posts\/135202\/revisions"}],"wp:featuredmedia":[{"embeddable":true,"href":"https:\/\/www.messinaoggi.it\/website\/wp-json\/wp\/v2\/media\/135203"}],"wp:attachment":[{"href":"https:\/\/www.messinaoggi.it\/website\/wp-json\/wp\/v2\/media?parent=135202"}],"wp:term":[{"taxonomy":"category","embeddable":true,"href":"https:\/\/www.messinaoggi.it\/website\/wp-json\/wp\/v2\/categories?post=135202"},{"taxonomy":"post_tag","embeddable":true,"href":"https:\/\/www.messinaoggi.it\/website\/wp-json\/wp\/v2\/tags?post=135202"}],"curies":[{"name":"wp","href":"https:\/\/api.w.org\/{rel}","templated":true}]}}