{"id":135169,"date":"2022-12-22T09:12:10","date_gmt":"2022-12-22T08:12:10","guid":{"rendered":"http:\/\/www.messinaoggi.it\/website\/?p=135169"},"modified":"2022-12-22T21:33:35","modified_gmt":"2022-12-22T20:33:35","slug":"viabilita-san-martino-basso-ecco-tutte-le-novita","status":"publish","type":"post","link":"https:\/\/www.messinaoggi.it\/website\/2022\/12\/22\/viabilita-san-martino-basso-ecco-tutte-le-novita\/","title":{"rendered":"Viabilit\u00e0 San Martino basso, ecco tutte le novit\u00e0"},"content":{"rendered":"\n<p>L&#8217;amministrazione comunale, dopo avere ascoltato i componenti del Comitato cittadino, guidato dall&#8217;avvocato <strong>Salvatore Longo<\/strong> (dopo la defenestrazione di <strong>Marco Bellantone<\/strong>), ha deciso di adottare alcuni nuovi provvedimenti vari.<div id=\"div-gpt-ad-Messinaoggi.it-DSK-300x250-corpoart\" style=\"text-align:center;margin:0 auto;\"><\/div><\/p>\n\n\n\n<figure class=\"wp-block-image size-large\"><img loading=\"lazy\" width=\"4032\" height=\"3024\" src=\"http:\/\/www.messinaoggi.it\/website\/wp-content\/uploads\/2019\/02\/D75CCA38-8D6E-4057-8D1C-EEED481CBC8D.jpeg\" alt=\"\" class=\"wp-image-29499\"\/><figcaption><strong>Salvatore Longo guida il Comitato di viale San Martino<\/strong><\/figcaption><\/figure>\n\n\n\n<p>Il tutto \u00e8 finalizzato a dare respiro ai commercianti della zona che dicono di avere subito un sensibile calo del volume di affari.<div id=\"videoincontent\" style=\"clear:both\";><\/div><\/p>\n\n\n\n<p>La prima importante novit\u00e0 riguarda la possibilit\u00e0 di poter posteggiare lungo viale San Martino su entrambi i lati, dando la possibilit\u00e0 agli automobilisti di poter parcheggiare l&#8217;automobile nei pressi dei negozi.<\/p>\n\n\n\n<p>L&#8217;altra novit\u00e0 riguarda l&#8217;avvio dell&#8217;isola pedonale: posticipato l&#8217;orario alle 20,30 e sino alle 4 del mattino. Il Comitato ha ottenuto quei trenta minuti in pi\u00f9 che consentono agli acquirenti di completare gli acquisti in tutta tranquillit\u00e0.<\/p>\n\n\n\n<p>Infine, e forse \u00e8 la novit\u00e0 \u00e8 pi\u00f9 importante, verr\u00e0 riaperta al traffico veicolare, durante la fascia oraria in cui vi \u00e8 l&#8217;isola pedonale su viale San Martino, la via Santa Maria Alemanna. Si tratta di una valvola di sfogo del traffico veicolare che, gioco forza, era dirottato da sud a nord tutto su via Cesare Battisti.<\/p>\n\n\n\n<p>Il Comitato si \u00e8 detto soddisfatto per gli accorgimenti adottati da Palazzo Zanca, dopo il &#8220;cortocircuito&#8221; dovuto ad incomprensioni fra qualche componente del Comitato e gli amministratori.<\/p>\n\n\n\n<p><strong>I nuovi provvedimenti in vigore da sabato prossimo.<\/strong><\/p>\n","protected":false},"excerpt":{"rendered":"<p>L&#8217;amministrazione comunale, dopo avere ascoltato i componenti del Comitato cittadino, guidato dall&#8217;avvocato Salvatore Longo (dopo la defenestrazione di Marco Bellantone), ha deciso di adottare alcuni nuovi provvedimenti vari. Il tutto \u00e8 finalizzato a dare respiro ai commercianti della zona che dicono di avere subito un sensibile calo del volume di affari. La prima importante novit\u00e0 [&hellip;]<\/p>\n","protected":false},"author":2,"featured_media":134262,"comment_status":"open","ping_status":"open","sticky":false,"template":"","format":"standard","meta":{"ub_ctt_via":"","_mi_skip_tracking":false},"categories":[19,6],"tags":[6035,6036,6037,30,5960,5964],"featured_image_src":"https:\/\/www.messinaoggi.it\/website\/wp-content\/uploads\/2022\/12\/320366834_1858869727820313_5745948852111216600_n-e1671113396278.jpg","author_info":{"display_name":"Redazione","author_link":"https:\/\/www.messinaoggi.it\/website\/author\/redazione\/"},"digistream_id":0,"digistream":false,"_links":{"self":[{"href":"https:\/\/www.messinaoggi.it\/website\/wp-json\/wp\/v2\/posts\/135169"}],"collection":[{"href":"https:\/\/www.messinaoggi.it\/website\/wp-json\/wp\/v2\/posts"}],"about":[{"href":"https:\/\/www.messinaoggi.it\/website\/wp-json\/wp\/v2\/types\/post"}],"author":[{"embeddable":true,"href":"https:\/\/www.messinaoggi.it\/website\/wp-json\/wp\/v2\/users\/2"}],"replies":[{"embeddable":true,"href":"https:\/\/www.messinaoggi.it\/website\/wp-json\/wp\/v2\/comments?post=135169"}],"version-history":[{"count":2,"href":"https:\/\/www.messinaoggi.it\/website\/wp-json\/wp\/v2\/posts\/135169\/revisions"}],"predecessor-version":[{"id":135173,"href":"https:\/\/www.messinaoggi.it\/website\/wp-json\/wp\/v2\/posts\/135169\/revisions\/135173"}],"wp:featuredmedia":[{"embeddable":true,"href":"https:\/\/www.messinaoggi.it\/website\/wp-json\/wp\/v2\/media\/134262"}],"wp:attachment":[{"href":"https:\/\/www.messinaoggi.it\/website\/wp-json\/wp\/v2\/media?parent=135169"}],"wp:term":[{"taxonomy":"category","embeddable":true,"href":"https:\/\/www.messinaoggi.it\/website\/wp-json\/wp\/v2\/categories?post=135169"},{"taxonomy":"post_tag","embeddable":true,"href":"https:\/\/www.messinaoggi.it\/website\/wp-json\/wp\/v2\/tags?post=135169"}],"curies":[{"name":"wp","href":"https:\/\/api.w.org\/{rel}","templated":true}]}}