{"id":135141,"date":"2022-12-22T00:32:51","date_gmt":"2022-12-21T23:32:51","guid":{"rendered":"https:\/\/www.messinaoggi.it\/website\/2022\/12\/21\/palermo-prefetto-lavoro-per-mia-citta-massimo-a-cui-potevo-aspirare\/"},"modified":"2022-12-22T09:16:00","modified_gmt":"2022-12-22T08:16:00","slug":"palermo-prefetto-lavoro-per-mia-citta-massimo-a-cui-potevo-aspirare","status":"publish","type":"post","link":"https:\/\/www.messinaoggi.it\/website\/2022\/12\/22\/palermo-prefetto-lavoro-per-mia-citta-massimo-a-cui-potevo-aspirare\/","title":{"rendered":"Palermo, Prefetto \u201cLavoro per mia citt\u00e0 massimo a cui potevo aspirare\u201d"},"content":{"rendered":"<div>\n<p>PALERMO (ITALPRESS) \u2013 \u201cSono innamorata del mio lavoro, che ho sempre fatto con grande entusiasmo. Questo entusiasmo per la mia citt\u00e0 \u00e8 moltiplicato per mille. Il pensiero di essere utile per trovare soluzioni per la mia citt\u00e0 \u00e8 il massimo a cui potevo aspirare\u201d. Lo ha detto il prefetto di Palermo, Maria Teresa Cucinotta, in occasione dello scambio di auguri di Natale con le massime autorit\u00e0 civili e militari della citt\u00e0. Presenti tra gli altri il sindaco di Palermo, Roberto Lagalla, e il presidente della Regione, Renato Schifani.<br \/>(ITALPRESS).<div id=\"div-gpt-ad-Messinaoggi.it-DSK-300x250-corpoart\" style=\"text-align:center;margin:0 auto;\"><\/div><\/p>\n<\/div>\n<div id=\"videoincontent\" style=\"clear:both\";><\/div>","protected":false},"excerpt":{"rendered":"<p>PALERMO (ITALPRESS) \u2013 \u201cSono innamorata del mio lavoro, che ho sempre fatto con grande entusiasmo. Questo entusiasmo per la mia citt\u00e0 \u00e8 moltiplicato per mille. Il pensiero di essere utile per trovare soluzioni per la mia citt\u00e0 \u00e8 il massimo a cui potevo aspirare\u201d. Lo ha detto il prefetto di Palermo, Maria Teresa Cucinotta, in [&hellip;]<\/p>\n","protected":false},"author":18,"featured_media":135142,"comment_status":"closed","ping_status":"closed","sticky":false,"template":"","format":"standard","meta":{"ub_ctt_via":"","_mi_skip_tracking":false},"categories":[11,2449],"tags":[783],"featured_image_src":"https:\/\/www.messinaoggi.it\/website\/wp-content\/uploads\/2022\/12\/20221221_2183.jpg","author_info":{"display_name":"Admin","author_link":"https:\/\/www.messinaoggi.it\/website\/author\/admin\/"},"digistream_id":0,"digistream":false,"_links":{"self":[{"href":"https:\/\/www.messinaoggi.it\/website\/wp-json\/wp\/v2\/posts\/135141"}],"collection":[{"href":"https:\/\/www.messinaoggi.it\/website\/wp-json\/wp\/v2\/posts"}],"about":[{"href":"https:\/\/www.messinaoggi.it\/website\/wp-json\/wp\/v2\/types\/post"}],"author":[{"embeddable":true,"href":"https:\/\/www.messinaoggi.it\/website\/wp-json\/wp\/v2\/users\/18"}],"replies":[{"embeddable":true,"href":"https:\/\/www.messinaoggi.it\/website\/wp-json\/wp\/v2\/comments?post=135141"}],"version-history":[{"count":1,"href":"https:\/\/www.messinaoggi.it\/website\/wp-json\/wp\/v2\/posts\/135141\/revisions"}],"predecessor-version":[{"id":135176,"href":"https:\/\/www.messinaoggi.it\/website\/wp-json\/wp\/v2\/posts\/135141\/revisions\/135176"}],"wp:featuredmedia":[{"embeddable":true,"href":"https:\/\/www.messinaoggi.it\/website\/wp-json\/wp\/v2\/media\/135142"}],"wp:attachment":[{"href":"https:\/\/www.messinaoggi.it\/website\/wp-json\/wp\/v2\/media?parent=135141"}],"wp:term":[{"taxonomy":"category","embeddable":true,"href":"https:\/\/www.messinaoggi.it\/website\/wp-json\/wp\/v2\/categories?post=135141"},{"taxonomy":"post_tag","embeddable":true,"href":"https:\/\/www.messinaoggi.it\/website\/wp-json\/wp\/v2\/tags?post=135141"}],"curies":[{"name":"wp","href":"https:\/\/api.w.org\/{rel}","templated":true}]}}