{"id":135114,"date":"2022-12-21T16:38:27","date_gmt":"2022-12-21T15:38:27","guid":{"rendered":"http:\/\/www.messinaoggi.it\/website\/?p=135114"},"modified":"2022-12-22T09:59:52","modified_gmt":"2022-12-22T08:59:52","slug":"cuzzocrea-con-me-e-la-fine-del-provincialismo","status":"publish","type":"post","link":"https:\/\/www.messinaoggi.it\/website\/2022\/12\/21\/cuzzocrea-con-me-e-la-fine-del-provincialismo\/","title":{"rendered":"Cuzzocrea: &#8220;Con me \u00e8 la fine del provincialismo&#8221;"},"content":{"rendered":"\n<p>Lo scambio degli auguri natalizi con i giornalisti messinesi \u00e8 stata l&#8217;occasione per ribadire alcuni concetti chiave dell&#8217;Universit\u00e0 di Messina. Fine del provincialismo e studenti al centro delle politiche dell&#8217;Ateneo. <div id=\"div-gpt-ad-Messinaoggi.it-DSK-300x250-corpoart\" style=\"text-align:center;margin:0 auto;\"><\/div><\/p>\n\n\n\n<p>Il rettore dell&#8217;Universit\u00e0 di Messina, <strong>Salvatore Cuzzocrea<\/strong>, alla sua prima uscita da presidente della Crui, colloquiando con la stampa ha posto l&#8217;accetto sul cambio di passo dell&#8217;Universit\u00e0 di Messina. &#8220;<em>La nostra universit\u00e0 &#8211; ha detto senza giri di parole &#8211; si sta togliendo di dosso quell&#8217;etichetta provinciale. Adesso il nostro Ateneo ha un respiro pi\u00f9 nazionale e, se volete, anche internazionale<\/em>&#8220;.<div id=\"videoincontent\" style=\"clear:both\";><\/div><\/p>\n\n\n\n<figure class=\"wp-block-image size-large\"><img loading=\"lazy\" width=\"660\" height=\"517\" src=\"http:\/\/www.messinaoggi.it\/website\/wp-content\/uploads\/2017\/06\/universita-messina-2.jpg\" alt=\"\" class=\"wp-image-3793\"\/><\/figure>\n\n\n\n<p>Cuzzocrea, in maniera chiara, polemizza con la precedente governance che, a suo dire, aveva relegato l&#8217;Universit\u00e0 di Messina nell&#8217;ambito del provincialismo.<\/p>\n\n\n\n<p>&#8220;<em>Gli studenti &#8211; poi ha aggiunto &#8211; sono al centro delle politiche del nostro ateneo, da universit\u00e0 dei pochi a universit\u00e0 dei tanti. I nostri spazi sono aperti agli studenti, al punto che il Rettorato fino a tarda ora \u00e8 aperto a chi ha voglia di studiare<\/em>&#8220;.<\/p>\n\n\n\n<p>Da presidente del Crui (Conferenza dei rettori delle universit\u00e0 italiane), Salvatore Cuzzocrea ha parlato del ruolo strategico del mondo accademico nell&#8217;ambito del PNRR.<\/p>\n\n\n\n<p>&#8220;<em>Sono convinto  &#8211; ha detto &#8211; che gli investimenti del PNRR saranno efficaci solo se il sistema universitario sar\u00e0 al centro del Piano nazionale di ripresa e resilienza. A ci\u00f2 si aggiunga che oltre un miliardo di euro saranno assorbiti dai progetti per le residenze universitarie, anche se arriveranno altri fondi dopo l&#8217;incontro che ha avuto con il ministro Anna Maria Bernini<\/em>&#8220;.<\/p>\n","protected":false},"excerpt":{"rendered":"<p>Lo scambio degli auguri natalizi con i giornalisti messinesi \u00e8 stata l&#8217;occasione per ribadire alcuni concetti chiave dell&#8217;Universit\u00e0 di Messina. Fine del provincialismo e studenti al centro delle politiche dell&#8217;Ateneo. Il rettore dell&#8217;Universit\u00e0 di Messina, Salvatore Cuzzocrea, alla sua prima uscita da presidente della Crui, colloquiando con la stampa ha posto l&#8217;accetto sul cambio di [&hellip;]<\/p>\n","protected":false},"author":2,"featured_media":135115,"comment_status":"open","ping_status":"open","sticky":false,"template":"","format":"standard","meta":{"ub_ctt_via":"","_mi_skip_tracking":false},"categories":[19,6],"tags":[6030,6031,1607,6029,612],"featured_image_src":"https:\/\/www.messinaoggi.it\/website\/wp-content\/uploads\/2022\/12\/0-1-3.jpg","author_info":{"display_name":"Redazione","author_link":"https:\/\/www.messinaoggi.it\/website\/author\/redazione\/"},"digistream_id":0,"digistream":false,"_links":{"self":[{"href":"https:\/\/www.messinaoggi.it\/website\/wp-json\/wp\/v2\/posts\/135114"}],"collection":[{"href":"https:\/\/www.messinaoggi.it\/website\/wp-json\/wp\/v2\/posts"}],"about":[{"href":"https:\/\/www.messinaoggi.it\/website\/wp-json\/wp\/v2\/types\/post"}],"author":[{"embeddable":true,"href":"https:\/\/www.messinaoggi.it\/website\/wp-json\/wp\/v2\/users\/2"}],"replies":[{"embeddable":true,"href":"https:\/\/www.messinaoggi.it\/website\/wp-json\/wp\/v2\/comments?post=135114"}],"version-history":[{"count":1,"href":"https:\/\/www.messinaoggi.it\/website\/wp-json\/wp\/v2\/posts\/135114\/revisions"}],"predecessor-version":[{"id":135117,"href":"https:\/\/www.messinaoggi.it\/website\/wp-json\/wp\/v2\/posts\/135114\/revisions\/135117"}],"wp:featuredmedia":[{"embeddable":true,"href":"https:\/\/www.messinaoggi.it\/website\/wp-json\/wp\/v2\/media\/135115"}],"wp:attachment":[{"href":"https:\/\/www.messinaoggi.it\/website\/wp-json\/wp\/v2\/media?parent=135114"}],"wp:term":[{"taxonomy":"category","embeddable":true,"href":"https:\/\/www.messinaoggi.it\/website\/wp-json\/wp\/v2\/categories?post=135114"},{"taxonomy":"post_tag","embeddable":true,"href":"https:\/\/www.messinaoggi.it\/website\/wp-json\/wp\/v2\/tags?post=135114"}],"curies":[{"name":"wp","href":"https:\/\/api.w.org\/{rel}","templated":true}]}}