{"id":135072,"date":"2022-12-21T12:22:02","date_gmt":"2022-12-21T11:22:02","guid":{"rendered":"http:\/\/www.messinaoggi.it\/website\/?p=135072"},"modified":"2022-12-21T12:22:03","modified_gmt":"2022-12-21T11:22:03","slug":"risanamento-gioveni-sbaraccare-tutta-san-paolo","status":"publish","type":"post","link":"https:\/\/www.messinaoggi.it\/website\/2022\/12\/21\/risanamento-gioveni-sbaraccare-tutta-san-paolo\/","title":{"rendered":"Risanamento, Gioveni: &#8220;sbaraccare tutta San Paolo&#8221;"},"content":{"rendered":"\n<p>\u201cSe da un lato non si pu\u00f2 che esprimere ottimismo per la forte accelerazione data negli ultimi anni in tema di Risanamento grazie ad una legge speciale e al proficuo lavoro svolto da Arisme (braccio operativo del Commissario straordinario), dall\u2019altro non si pu\u00f2 non chiedere alla stessa struttura commissariale maggiore chiarezza sul cronoprogramma delle zone su cui intervenire dopo le tre gi\u00e0 decise di via Catanoso, via Rosso da Messina e il completamento di Camaro Sottomontagna&#8221;.<div id=\"div-gpt-ad-Messinaoggi.it-DSK-300x250-corpoart\" style=\"text-align:center;margin:0 auto;\"><\/div><\/p>\n\n\n\n<p>\u00a0Con queste parole il consigliere comunale <strong>Libero Gioveni,<\/strong> capogruppo di Fratelli d\u2019Italia, oltre &#8220;a chiedere chiarezza sui prossimi passaggi da compiere alla luce delle tante incognite ancora in essere fra le migliaia di nuclei censiti nei vari ambiti, intende anche dimostrare come alcune criticit\u00e0 potrebbero essere gestite con pi\u00f9 logica.\u00a0Per esempio \u2013 spiega Gioveni \u2013 non si pu\u00f2 a mio avviso, una volta sbaraccata l\u2019area di una zona, non completare la medesima zona con un\u2019area limitrofa a quella sgomberata&#8221;.<div id=\"videoincontent\" style=\"clear:both\";><\/div><\/p>\n\n\n\n<p>&#8220;E\u2019 il caso di Camaro S. Paolo \u2013 prosegue il consigliere \u2013 dove si pensa che una volta completata la parte di Camaro Sottomontagna l\u2019intera zona risulter\u00e0 totalmente sbaraccata, quando invece non \u00e8 cos\u00ec; vi \u00e8 infatti proprio a ridosso, la via La Rocca dove peraltro risultano censite poche famiglie, per cui sarebbe certamente pi\u00f9 logico intervenire dopo Camaro Sottomontagna su quest\u2019altra striscia di baracche rendendo finalmente libera tutta Camaro S. Paolo!\u00a0Mi auguro in tal senso che Arisme, che ha l\u2019interlocuzione principale col Commissario sulla pianificazione delle procedure future, possa evidenziare questa peculiarit\u00e0 non da poco!\u00a0Infine \u2013 conclude Gioveni \u2013 proprio in merito alla chiarezza reclamata in premessa, si potrebbero portare tanti altri esempi che interessano le famiglie di zone come l\u2019ex lavatoio di Ritiro\/Giostra, Fondo Vadal\u00e0 e via Nunzio Bicchieri a Camaro San Luigi che, al pari per esempio del rione Taormina, vivendo giornalmente dei drammi legati a condizioni igienico-sanitarie da terzo mondo, non conoscono ancora quando sar\u00e0 il loro turno. E credo che almeno un programma di massima, alla luce delle scadenze di legge che evidentemente non potranno pi\u00f9 essere rispettate, queste famiglie abbiano adesso tutto il diritto di conoscerlo&#8221;.<\/p>\n","protected":false},"excerpt":{"rendered":"<p>\u201cSe da un lato non si pu\u00f2 che esprimere ottimismo per la forte accelerazione data negli ultimi anni in tema di Risanamento grazie ad una legge speciale e al proficuo lavoro svolto da Arisme (braccio operativo del Commissario straordinario), dall\u2019altro non si pu\u00f2 non chiedere alla stessa struttura commissariale maggiore chiarezza sul cronoprogramma delle zone [&hellip;]<\/p>\n","protected":false},"author":15,"featured_media":76189,"comment_status":"open","ping_status":"open","sticky":false,"template":"","format":"standard","meta":{"ub_ctt_via":"","_mi_skip_tracking":false},"categories":[4],"tags":[6026,2759,740,642,6025],"featured_image_src":"https:\/\/www.messinaoggi.it\/website\/wp-content\/uploads\/2021\/08\/Rifiuti-a-Camaro-Sottomontagna-1.jpg","author_info":{"display_name":"red.me","author_link":"https:\/\/www.messinaoggi.it\/website\/author\/red-me\/"},"digistream_id":0,"digistream":false,"_links":{"self":[{"href":"https:\/\/www.messinaoggi.it\/website\/wp-json\/wp\/v2\/posts\/135072"}],"collection":[{"href":"https:\/\/www.messinaoggi.it\/website\/wp-json\/wp\/v2\/posts"}],"about":[{"href":"https:\/\/www.messinaoggi.it\/website\/wp-json\/wp\/v2\/types\/post"}],"author":[{"embeddable":true,"href":"https:\/\/www.messinaoggi.it\/website\/wp-json\/wp\/v2\/users\/15"}],"replies":[{"embeddable":true,"href":"https:\/\/www.messinaoggi.it\/website\/wp-json\/wp\/v2\/comments?post=135072"}],"version-history":[{"count":1,"href":"https:\/\/www.messinaoggi.it\/website\/wp-json\/wp\/v2\/posts\/135072\/revisions"}],"predecessor-version":[{"id":135074,"href":"https:\/\/www.messinaoggi.it\/website\/wp-json\/wp\/v2\/posts\/135072\/revisions\/135074"}],"wp:featuredmedia":[{"embeddable":true,"href":"https:\/\/www.messinaoggi.it\/website\/wp-json\/wp\/v2\/media\/76189"}],"wp:attachment":[{"href":"https:\/\/www.messinaoggi.it\/website\/wp-json\/wp\/v2\/media?parent=135072"}],"wp:term":[{"taxonomy":"category","embeddable":true,"href":"https:\/\/www.messinaoggi.it\/website\/wp-json\/wp\/v2\/categories?post=135072"},{"taxonomy":"post_tag","embeddable":true,"href":"https:\/\/www.messinaoggi.it\/website\/wp-json\/wp\/v2\/tags?post=135072"}],"curies":[{"name":"wp","href":"https:\/\/api.w.org\/{rel}","templated":true}]}}