{"id":13487,"date":"2017-12-22T11:27:58","date_gmt":"2017-12-22T10:27:58","guid":{"rendered":"http:\/\/www.messinaoggi.it\/website\/?p=13487"},"modified":"2017-12-22T11:27:58","modified_gmt":"2017-12-22T10:27:58","slug":"palazzi-del-900-meno-tasse-per-favorirne-la-riqualificazione","status":"publish","type":"post","link":"https:\/\/www.messinaoggi.it\/website\/2017\/12\/22\/palazzi-del-900-meno-tasse-per-favorirne-la-riqualificazione\/","title":{"rendered":"Palazzi del &#039;900, meno tasse per favorirne la riqualificazione"},"content":{"rendered":"<p style=\"text-align: justify\">Gli edifici del \u2018900 sono un patrimonio che la nostra citt\u00e0 deve riscoprire, ma soprattutto valorizzare. La commissione consiliare Sport e Cultura, presieduta da Piero Adamo, ci prova, avanzando delle proposte che l\u2019amministrazione ha recepito, adesso tocca valutare come metterli in atto. Attualmente non si conosce il numero esatto di questi edifici, ma non mancano gli immobili di valor e prestigio risalenti alla prima o alla seconda aperte del secolo scorso. Palazzi storici che hanno fatto la storia di questa citt\u00e0, un pezzo di storia che non pu\u00f2 e non deve essere abbandonato.<div id=\"div-gpt-ad-Messinaoggi.it-DSK-300x250-corpoart\" style=\"text-align:center;margin:0 auto;\"><\/div><\/p>\n<p>Un patrimonio architettonico frutto del genio di Copped\u00e8 ma anche di Basile, Rovigo e Pantano (solo per indicare alcuni nomi) suddividendo lo stesso in due categorie: primi del &#8216;900 vincolato ex lege e secondo &#8216;900 che non \u00e8 vincolato ex lege e sarebbe opportuno che il nuovo PRG prevedesse strumenti di salvaguardia degli edifici di pregio<div id=\"videoincontent\" style=\"clear:both\";><\/div><\/p>\n<p style=\"text-align: justify\">In commissione ne hanno parlato l\u2019assessore alla Cultura, Federico Alagna, Franco Cardullo, onorario del Dipartimento di Architettura dell\u2019Universit\u00e0 di Reggio Calabria, Raffaella Lione, ordinario del Dipartimento di Ingegneria dell\u2019Universit\u00e0 di Messina e Antonio Galeano, gi\u00e0 esperrto dell\u2019assessorato regionale alla Cultura.<\/p>\n<p style=\"text-align: justify\">A porre l\u2019accento sulla questione sono stati i consiglieri Daniela Faranda (Fratelli d\u2019Italia) e Maurizio Rella (Cambiamo Messina dal Basso), evidenziando \u201cla necessit\u00e0 di porre in essere iniziative per riqualificare gli immobili storici della citt\u00e0. L\u2019assessore Alagna si \u00e8 fatto carico dell\u2019invito lanciato dalla commissione: \u201cP<em>otremmo valutare forme di detassazione, ad esempio la IUC, degli immobili di cui si procede alla riqualificazione dei prospetti\u201d.<\/em><\/p>\n<p style=\"text-align: justify\">Gli altri ospiti hanno espresso la disponibilit\u00e0 da parte di varie realt\u00e0 di venire incontro al Comune. La professoressa Lione ha dichiarato la disponibilit\u00e0 del proprio dipartimento a stipulare un protocollo d&#8217;intesa con il Comune che dia la possibilit\u00e0 all&#8217;Ente di avvalersi delle competenze maturate in ambito Universitario a tutto vantaggio della comunit\u00e0. Sulla stessa lunghezza d\u2019onda il\u00a0 professor \u00a0Cardullo, che \u00a0ha proposto l\u2019inserimento del Dipartimento di Architettura di Reggio Calabria nel protocollo, complimentandosi con la Commissione per la inusuale sensibilit\u00e0 dimostrata rispetto ad un tema importante per lo sviluppo urbanistico delle Citt\u00e0 e per la rigenerazione della &#8220;bellezza&#8221; di Messina.<\/p>\n","protected":false},"excerpt":{"rendered":"<p>Gli edifici del \u2018900 sono un patrimonio che la nostra citt\u00e0 deve riscoprire, ma soprattutto valorizzare. La commissione consiliare Sport e Cultura, presieduta da Piero Adamo, ci prova, avanzando delle proposte che l\u2019amministrazione ha recepito, adesso tocca valutare come metterli in atto. Attualmente non si conosce il numero esatto di questi edifici, ma non mancano [&hellip;]<\/p>\n","protected":false},"author":1,"featured_media":2075,"comment_status":"closed","ping_status":"open","sticky":false,"template":"","format":"standard","meta":{"ub_ctt_via":"","_mi_skip_tracking":false},"categories":[6],"tags":[],"featured_image_src":"https:\/\/www.messinaoggi.it\/website\/wp-content\/uploads\/2017\/06\/Palazzo-Weigert-messinaoggi-2.jpg","author_info":{"display_name":"admin@admin.com","author_link":"https:\/\/www.messinaoggi.it\/website\/author\/adminadmin-com\/"},"digistream_id":0,"digistream":false,"_links":{"self":[{"href":"https:\/\/www.messinaoggi.it\/website\/wp-json\/wp\/v2\/posts\/13487"}],"collection":[{"href":"https:\/\/www.messinaoggi.it\/website\/wp-json\/wp\/v2\/posts"}],"about":[{"href":"https:\/\/www.messinaoggi.it\/website\/wp-json\/wp\/v2\/types\/post"}],"author":[{"embeddable":true,"href":"https:\/\/www.messinaoggi.it\/website\/wp-json\/wp\/v2\/users\/1"}],"replies":[{"embeddable":true,"href":"https:\/\/www.messinaoggi.it\/website\/wp-json\/wp\/v2\/comments?post=13487"}],"version-history":[{"count":0,"href":"https:\/\/www.messinaoggi.it\/website\/wp-json\/wp\/v2\/posts\/13487\/revisions"}],"wp:featuredmedia":[{"embeddable":true,"href":"https:\/\/www.messinaoggi.it\/website\/wp-json\/wp\/v2\/media\/2075"}],"wp:attachment":[{"href":"https:\/\/www.messinaoggi.it\/website\/wp-json\/wp\/v2\/media?parent=13487"}],"wp:term":[{"taxonomy":"category","embeddable":true,"href":"https:\/\/www.messinaoggi.it\/website\/wp-json\/wp\/v2\/categories?post=13487"},{"taxonomy":"post_tag","embeddable":true,"href":"https:\/\/www.messinaoggi.it\/website\/wp-json\/wp\/v2\/tags?post=13487"}],"curies":[{"name":"wp","href":"https:\/\/api.w.org\/{rel}","templated":true}]}}