{"id":134862,"date":"2022-12-19T23:17:56","date_gmt":"2022-12-19T22:17:56","guid":{"rendered":"https:\/\/www.messinaoggi.it\/website\/2022\/12\/19\/ulivo-della-pace-davanti-al-palazzo-reale-di-palermo\/"},"modified":"2022-12-19T23:17:56","modified_gmt":"2022-12-19T22:17:56","slug":"ulivo-della-pace-davanti-al-palazzo-reale-di-palermo","status":"publish","type":"post","link":"https:\/\/www.messinaoggi.it\/website\/2022\/12\/19\/ulivo-della-pace-davanti-al-palazzo-reale-di-palermo\/","title":{"rendered":"\u201cUlivo della Pace\u201d davanti al Palazzo Reale di Palermo"},"content":{"rendered":"<div>\n<p>PALERMO (ITALPRESS) \u2013 Il presidente della Regione Siciliana, Renato Schifani, \u00e8 intervenuto all\u2019inaugurazione dell\u2019Ulivo della Pace in piazza del Parlamento, a Palermo, davanti al Palazzo Reale. Un\u2019iniziativa del presidente dell\u2019Ars e della Fondazione Federico II, Gaetano Galvagno, insieme al direttore generale della fondazione, Patrizia Monterosso.<br \/>\u201cUn albero che d\u00e0 il senso della speranza \u2013 ha detto Schifani -. Condivido e apprezzo la scelta del presidente Galvagno di dare questo importante messaggio alla vigilia delle festivit\u00e0. Ci attendono impegni non indifferenti in una terra che amiamo e sono certo che lavoreremo bene assieme per i siciliani, nel rispetto dei nostri ruoli istituzionali. A lui mi lega un rapporto di fortissima vicinanza e di grande rispetto: \u00e8 una persona che sicuramente dar\u00e0 lustro a quello che \u00e8 un ruolo estremamente delicato. Gi\u00e0 dalle prime azioni che ha compiuto, d\u2019altronde, ha dato prova della sua terziet\u00e0\u00bb\u201d.<br \/>\u201cAbbiamo avuto subito ben chiaro con il presidente dell\u2019Ars, Gaetano Galvagno, che questo Palazzo simboleggia il luogo di incontro e la libert\u00e0 dei popoli. Questo \u00e8 stato l\u2019intento dell\u2019Unesco quando l\u2019ha dichiarato Patrimonio dell\u2019umanit\u00e0\u201d, ha dichiarato il direttore generale della Fondazione Federico II, Patrizia Monterosso, a margine dell\u2019inaugurazione dell\u2019Ulivo della Pace, in piazza del Parlamento, a Palermo, davanti a Palazzo Reale.<br \/>\u201cL\u2019ulivo \u00e8 il simbolo della pace e della rinascita e per questo \u00e8 assimilato alla Pasqua \u2013 ha aggiunto -. In un momento di guerra, il simbolo semplice dell\u2019ulivo significa dar rilievo a questi contenuti. Piazza del Parlamento \u00e8 luogo di incontro e di comunita\u201d. \u201cOggi ci sono tutte le figure apicali delle Istituzioni che rappresentano la comunit\u00e0 che auspica pace \u2013 ha sottolineato -. Vogliamo dare un messaggio di pace in diverse lingue, perch\u00e8 l\u2019incontro dei popoli ha vari linguaggi ma un\u2019unica semantica, un contenuto unico\u201d.<br \/>\u201cUn ulivo che rappresenta l\u2019auspicio che tutti condividiamo. Ognuno con la propria sensibilit\u00e0 cercher\u00e0 di raggiungere questo obiettivo condiviso che \u00e8 la pace. L\u2019augurio e l\u2019auspicio di tutte le istituzioni \u00e8 che il Santo Natale arrivi in un clima di armonia e serenit\u00e0\u201d, ha aggiunto il vicesindaco di Palermo, Carolina Varchi, a margine dell\u2019inaugurazione dell\u2019Ulivo della Pace, a piazza del Parlamento, alla presenza delle massime autorit\u00e0 regionali e cittadine.<br \/>foto ufficio stampa Regione siciliana<br \/>(ITALPRESS).<div id=\"div-gpt-ad-Messinaoggi.it-DSK-300x250-corpoart\" style=\"text-align:center;margin:0 auto;\"><\/div><\/p>\n<\/div>\n<div id=\"videoincontent\" style=\"clear:both\";><\/div>","protected":false},"excerpt":{"rendered":"<p>PALERMO (ITALPRESS) \u2013 Il presidente della Regione Siciliana, Renato Schifani, \u00e8 intervenuto all\u2019inaugurazione dell\u2019Ulivo della Pace in piazza del Parlamento, a Palermo, davanti al Palazzo Reale. Un\u2019iniziativa del presidente dell\u2019Ars e della Fondazione Federico II, Gaetano Galvagno, insieme al direttore generale della fondazione, Patrizia Monterosso.\u201cUn albero che d\u00e0 il senso della speranza \u2013 ha detto [&hellip;]<\/p>\n","protected":false},"author":18,"featured_media":134863,"comment_status":"closed","ping_status":"closed","sticky":false,"template":"","format":"standard","meta":{"ub_ctt_via":"","_mi_skip_tracking":false},"categories":[2449],"tags":[783],"featured_image_src":"https:\/\/www.messinaoggi.it\/website\/wp-content\/uploads\/2022\/12\/20221219_2384.jpg","author_info":{"display_name":"Admin","author_link":"https:\/\/www.messinaoggi.it\/website\/author\/admin\/"},"digistream_id":0,"digistream":false,"_links":{"self":[{"href":"https:\/\/www.messinaoggi.it\/website\/wp-json\/wp\/v2\/posts\/134862"}],"collection":[{"href":"https:\/\/www.messinaoggi.it\/website\/wp-json\/wp\/v2\/posts"}],"about":[{"href":"https:\/\/www.messinaoggi.it\/website\/wp-json\/wp\/v2\/types\/post"}],"author":[{"embeddable":true,"href":"https:\/\/www.messinaoggi.it\/website\/wp-json\/wp\/v2\/users\/18"}],"replies":[{"embeddable":true,"href":"https:\/\/www.messinaoggi.it\/website\/wp-json\/wp\/v2\/comments?post=134862"}],"version-history":[{"count":0,"href":"https:\/\/www.messinaoggi.it\/website\/wp-json\/wp\/v2\/posts\/134862\/revisions"}],"wp:featuredmedia":[{"embeddable":true,"href":"https:\/\/www.messinaoggi.it\/website\/wp-json\/wp\/v2\/media\/134863"}],"wp:attachment":[{"href":"https:\/\/www.messinaoggi.it\/website\/wp-json\/wp\/v2\/media?parent=134862"}],"wp:term":[{"taxonomy":"category","embeddable":true,"href":"https:\/\/www.messinaoggi.it\/website\/wp-json\/wp\/v2\/categories?post=134862"},{"taxonomy":"post_tag","embeddable":true,"href":"https:\/\/www.messinaoggi.it\/website\/wp-json\/wp\/v2\/tags?post=134862"}],"curies":[{"name":"wp","href":"https:\/\/api.w.org\/{rel}","templated":true}]}}