{"id":134814,"date":"2022-12-19T18:17:50","date_gmt":"2022-12-19T17:17:50","guid":{"rendered":"https:\/\/www.messinaoggi.it\/website\/2022\/12\/19\/galvagno-per-la-sicilia-opportunita-mai-viste\/"},"modified":"2022-12-19T18:17:50","modified_gmt":"2022-12-19T17:17:50","slug":"galvagno-per-la-sicilia-opportunita-mai-viste","status":"publish","type":"post","link":"https:\/\/www.messinaoggi.it\/website\/2022\/12\/19\/galvagno-per-la-sicilia-opportunita-mai-viste\/","title":{"rendered":"Galvagno \u201cPer la Sicilia opportunit\u00e0 mai viste\u201d"},"content":{"rendered":"<div>\n<p>PALERMO (ITALPRESS) \u2013 Tra fondi extraregionali e Pnrr arriveranno in Sicilia circa 7 miliardi che rappresentano una delle opportunit\u00e0 mai vista \u201cdal dopoguerra ad oggi\u201d e che devono essere \u201ccapitalizzati\u201d. Parola di Gaetano Galvagno, presidente dell\u2019Assemblea regionale siciliana, dal 10 novembre alla guida del Parlamento dell\u2019Isola. Forte della disponibilit\u00e0 di spesa di fondi del Pnrr e l\u2019allineamento politico nazionale e regionale \u201cabbiamo la fortuna di avere delle condizioni molto pi\u00f9 favorevoli e agevoli e ci auguriamo di potere capitalizzare, proprio in funzione di queste opportunit\u00e0, risultati assolutamente migliori\u201d, ha spiegato il numero uno dell\u2019Ars. \u201cParlo spesso dell\u2019allineamento politico nazionale e regionale non perch\u00e8 sia un vanto ma perch\u00e8 sia una grandissima opportunit\u00e0 di dialogo\u201d, ha aggiunto, \u201cabbiamo cinque anni che saranno i pi\u00f9 importanti dal dopoguerra ad oggi  che ci offrono anche la possibilit\u00e0 di potere spendere delle risorse e ci auguriamo di allocare nel migliore modo possibile\u201d. <br \/>Quindi, ha sottolineato Galvagno \u201csaranno cinque anni diversi ma non perch\u00e8 vogliamo essere migliori di qualcuno. Saranno diversi perch\u00e8 ci auguriamo che le condizioni politiche saranno diverse\u201d. Un esplicito riferimento agli ultimi cinque anni \u201cdi cui quasi gli ultimi tre caratterizzati dalla pandemia che ha fortemente compromesso la vita di ognuno di noi e anche le dinamiche d\u2019aula. Oggi abbiamo la fortuna di avere delle condizioni molto pi\u00f9 favorevoli e agevoli e ci auguriamo di potere capitalizzare, proprio in funzione di queste opportunit\u00e0, risultati assolutamente migliori\u201d. <br \/>Serve per\u00f2 migliorare la produzione legislativa dell\u2019Assemblea gravata da tante impugnative, molto spesso singoli articoli di leggi omnibus. \u201cAbbiamo avviato un dialogo con Camera e Senato  per fare si che quello che \u00e8 accaduto negli ultimi anni possa non accadere pi\u00f9\u201d, ha spiegato. <br \/>Galvagno ha detto di puntare a \u201ccreare delle condizioni di dialogo tra parlamento regionale, parlamento e governo nazionale\u201d ed essere un p\u00f2 pi\u00f9 certosini\u201d nell\u2019elaborazione delle leggi. Delle misure che \u201cci potranno permettere di non incorrere pi\u00f9 in quelle impugnative che sono un p\u00f2 un pugno allo stomaco dopo il dialogo e il lavoro che c\u2019\u00e8 stato in commissione e in assemblea\u201d, ha aggiunto. <br \/>Quindi un passaggio dedicato al Palazzo dei Normanni di Palermo, uno dei monumenti pi\u00f9 conosciuti della Sicilia. \u201cUn aspetto bellissimo del mio lavoro \u00e8 lavorare a Palazzo dei Normanni che \u00e8 uno dei posti pi\u00f9 belli del mondo \u2013 ha sottolineato -. E\u2019 un motivo di tantissimo orgoglio e di responsabilit\u00e0 che deriva da quello che deve esser la custodia e la valorizzazione di quei beni\u201d. \u201cInsieme alla Federico II stiamo cercando di aprire ancora di pi\u00f9 il palazzo sia sotto il profilo culturale ma anche sotto il profilo parlamentare per spiegare le sue funzioni con la differenza tra governo e assemblea, tra presidente della Regione e presidente dell\u2019Assemblea perch\u00e8 talvolta questa differenze non si conoscono\u201d, ha detto, \u201capriremo alla collaborazione con i dipartimenti di Scienze Politiche e tutti quelli che possono avere a che fare con l\u2019Assemblea. Un modo per avvicinare ancora di pi\u00f9 i giovani alle politica\u201d.<br \/>foto Italpress<br \/>(ITALPRESS).<div id=\"div-gpt-ad-Messinaoggi.it-DSK-300x250-corpoart\" style=\"text-align:center;margin:0 auto;\"><\/div><\/p>\n<\/div>\n<div id=\"videoincontent\" style=\"clear:both\";><\/div>","protected":false},"excerpt":{"rendered":"<p>PALERMO (ITALPRESS) \u2013 Tra fondi extraregionali e Pnrr arriveranno in Sicilia circa 7 miliardi che rappresentano una delle opportunit\u00e0 mai vista \u201cdal dopoguerra ad oggi\u201d e che devono essere \u201ccapitalizzati\u201d. Parola di Gaetano Galvagno, presidente dell\u2019Assemblea regionale siciliana, dal 10 novembre alla guida del Parlamento dell\u2019Isola. Forte della disponibilit\u00e0 di spesa di fondi del Pnrr [&hellip;]<\/p>\n","protected":false},"author":18,"featured_media":134815,"comment_status":"closed","ping_status":"closed","sticky":false,"template":"","format":"standard","meta":{"ub_ctt_via":"","_mi_skip_tracking":false},"categories":[2449],"tags":[783],"featured_image_src":"https:\/\/www.messinaoggi.it\/website\/wp-content\/uploads\/2022\/12\/20221219_1817.jpg","author_info":{"display_name":"Admin","author_link":"https:\/\/www.messinaoggi.it\/website\/author\/admin\/"},"digistream_id":0,"digistream":false,"_links":{"self":[{"href":"https:\/\/www.messinaoggi.it\/website\/wp-json\/wp\/v2\/posts\/134814"}],"collection":[{"href":"https:\/\/www.messinaoggi.it\/website\/wp-json\/wp\/v2\/posts"}],"about":[{"href":"https:\/\/www.messinaoggi.it\/website\/wp-json\/wp\/v2\/types\/post"}],"author":[{"embeddable":true,"href":"https:\/\/www.messinaoggi.it\/website\/wp-json\/wp\/v2\/users\/18"}],"replies":[{"embeddable":true,"href":"https:\/\/www.messinaoggi.it\/website\/wp-json\/wp\/v2\/comments?post=134814"}],"version-history":[{"count":0,"href":"https:\/\/www.messinaoggi.it\/website\/wp-json\/wp\/v2\/posts\/134814\/revisions"}],"wp:featuredmedia":[{"embeddable":true,"href":"https:\/\/www.messinaoggi.it\/website\/wp-json\/wp\/v2\/media\/134815"}],"wp:attachment":[{"href":"https:\/\/www.messinaoggi.it\/website\/wp-json\/wp\/v2\/media?parent=134814"}],"wp:term":[{"taxonomy":"category","embeddable":true,"href":"https:\/\/www.messinaoggi.it\/website\/wp-json\/wp\/v2\/categories?post=134814"},{"taxonomy":"post_tag","embeddable":true,"href":"https:\/\/www.messinaoggi.it\/website\/wp-json\/wp\/v2\/tags?post=134814"}],"curies":[{"name":"wp","href":"https:\/\/api.w.org\/{rel}","templated":true}]}}