{"id":134795,"date":"2022-12-19T15:31:53","date_gmt":"2022-12-19T14:31:53","guid":{"rendered":"http:\/\/www.messinaoggi.it\/website\/?p=134795"},"modified":"2022-12-19T16:28:36","modified_gmt":"2022-12-19T15:28:36","slug":"rischio-dissesto-siracusano-puo-saltare-tutto","status":"publish","type":"post","link":"https:\/\/www.messinaoggi.it\/website\/2022\/12\/19\/rischio-dissesto-siracusano-puo-saltare-tutto\/","title":{"rendered":"Rischio dissesto, Siracusano: &#8220;Pu\u00f2 saltare tutto&#8221;"},"content":{"rendered":"\n<p><strong>Domenico Siracusano,<\/strong> segretario provinciale di Articolo Uno, relativamente all&#8217;ordinanza della Corte dei Conti sul Piano di Riequilibrio del Comune di Messina, ha manifestato una riflessione:<div id=\"div-gpt-ad-Messinaoggi.it-DSK-300x250-corpoart\" style=\"text-align:center;margin:0 auto;\"><\/div><\/p>\n\n\n\n<p>&#8220;Il Sindaco di Messina, Federico Basile, ostenta calma e sicurezza rispetto alle osservazioni e alle richieste di chiarimenti della Corte dei Conti.<div id=\"videoincontent\" style=\"clear:both\";><\/div><\/p>\n\n\n\n<p>Dietro lo scintillio delle luminarie natalizie, nelle pagine dell&#8217;ordinanza c&#8217;\u00e8 il rischio pi\u00f9 che fondato che l&#8217;ennesima formulazione del Piano di Riequilibrio possa non superare l&#8217;esame dei magistrati contabili. L&#8217;ipotesi del dissesto \u00e8 tutt&#8217;altro che scongiurata.<\/p>\n\n\n\n<p>Siamo di fronte, infatti, a richieste specifiche e circostanziate, sulle quali evidentemente ad oggi non si \u00e8 data risposta: indicazioni sullo stato della massa debitoria, sugli incrementi delle entrate fiscali, sul risparmio nel campo dei servizi sociali, sulla quadratura dei bilanci e delle passivit\u00e0 delle partecipate, sul dettaglio di come sono stati spesi i fondi per l&#8217;emergenza Covid. C&#8217;\u00e8 anche una richiesta esplicita riguardante la riduzione dei costi della politica, rispetto alla quale stridono gli inopinati aumenti degli stipendi di Sindaco e Assessori che si \u00e8 scelto di aumentare e che sono a totale carico delle casse comunali.<\/p>\n\n\n\n<p>Auspichiamo, per il bene della nostra comunit\u00e0, che l&#8217;Amministrazione Comunale sia nelle condizioni di rispondere. Ci sembra, per\u00f2, che quell&#8217;operazione verit\u00e0 sui conti del Comune, che chiediamo da anni, rimanga l&#8217;elemento fondamentale.<\/p>\n\n\n\n<p>Temiamo, per\u00f2, che i toni del precedente Sindaco e le ingenti risorse arrivate ai Comuni per l&#8217;emergenza pandemica abbiano creato una bolla dalla cui esplosione possano rimanere solo macerie.<\/p>\n\n\n\n<p>Si valuti, quindi, con prudenza il piano di assunzioni sbandierato negli ultimi giorni. In caso di dissesto \u00e8 evidente che rischia di saltare tutto.&#8221;<\/p>\n","protected":false},"excerpt":{"rendered":"<p>Domenico Siracusano, segretario provinciale di Articolo Uno, relativamente all&#8217;ordinanza della Corte dei Conti sul Piano di Riequilibrio del Comune di Messina, ha manifestato una riflessione: &#8220;Il Sindaco di Messina, Federico Basile, ostenta calma e sicurezza rispetto alle osservazioni e alle richieste di chiarimenti della Corte dei Conti. Dietro lo scintillio delle luminarie natalizie, nelle pagine [&hellip;]<\/p>\n","protected":false},"author":15,"featured_media":120026,"comment_status":"open","ping_status":"open","sticky":false,"template":"","format":"standard","meta":{"ub_ctt_via":"","_mi_skip_tracking":false},"categories":[19],"tags":[2772,165,3139,1151,2972,3881],"featured_image_src":"https:\/\/www.messinaoggi.it\/website\/wp-content\/uploads\/2022\/09\/domenico-siracusano.jpg","author_info":{"display_name":"red.me","author_link":"https:\/\/www.messinaoggi.it\/website\/author\/red-me\/"},"digistream_id":0,"digistream":false,"_links":{"self":[{"href":"https:\/\/www.messinaoggi.it\/website\/wp-json\/wp\/v2\/posts\/134795"}],"collection":[{"href":"https:\/\/www.messinaoggi.it\/website\/wp-json\/wp\/v2\/posts"}],"about":[{"href":"https:\/\/www.messinaoggi.it\/website\/wp-json\/wp\/v2\/types\/post"}],"author":[{"embeddable":true,"href":"https:\/\/www.messinaoggi.it\/website\/wp-json\/wp\/v2\/users\/15"}],"replies":[{"embeddable":true,"href":"https:\/\/www.messinaoggi.it\/website\/wp-json\/wp\/v2\/comments?post=134795"}],"version-history":[{"count":2,"href":"https:\/\/www.messinaoggi.it\/website\/wp-json\/wp\/v2\/posts\/134795\/revisions"}],"predecessor-version":[{"id":134799,"href":"https:\/\/www.messinaoggi.it\/website\/wp-json\/wp\/v2\/posts\/134795\/revisions\/134799"}],"wp:featuredmedia":[{"embeddable":true,"href":"https:\/\/www.messinaoggi.it\/website\/wp-json\/wp\/v2\/media\/120026"}],"wp:attachment":[{"href":"https:\/\/www.messinaoggi.it\/website\/wp-json\/wp\/v2\/media?parent=134795"}],"wp:term":[{"taxonomy":"category","embeddable":true,"href":"https:\/\/www.messinaoggi.it\/website\/wp-json\/wp\/v2\/categories?post=134795"},{"taxonomy":"post_tag","embeddable":true,"href":"https:\/\/www.messinaoggi.it\/website\/wp-json\/wp\/v2\/tags?post=134795"}],"curies":[{"name":"wp","href":"https:\/\/api.w.org\/{rel}","templated":true}]}}