{"id":134640,"date":"2022-12-18T16:07:51","date_gmt":"2022-12-18T15:07:51","guid":{"rendered":"https:\/\/www.messinaoggi.it\/website\/2022\/12\/18\/e-morto-lattore-lando-buzzanca\/"},"modified":"2022-12-18T16:25:50","modified_gmt":"2022-12-18T15:25:50","slug":"e-morto-lattore-lando-buzzanca","status":"publish","type":"post","link":"https:\/\/www.messinaoggi.it\/website\/2022\/12\/18\/e-morto-lattore-lando-buzzanca\/","title":{"rendered":"E\u2019 morto l\u2019attore Lando Buzzanca"},"content":{"rendered":"<div>ROMA (ITALPRESS) &#8211; E&#8217; morto a Roma, all&#8217;et\u00e0 di 87 anni, l&#8217;attore Lando Buzzanca. Era ricoverato nell&#8217;Hospice del Gemelli Medical Center, societ\u00e0 benefit dell&#8217;Universit\u00e0 Cattolica, da circa due settimane.<div id=\"div-gpt-ad-Messinaoggi.it-DSK-300x250-corpoart\" style=\"text-align:center;margin:0 auto;\"><\/div><\/p>\n<p>foto agenziafotogramma.it<div id=\"videoincontent\" style=\"clear:both\";><\/div><\/p>\n<p>(ITALPRESS).<\/p><\/div>\n","protected":false},"excerpt":{"rendered":"<p>ROMA (ITALPRESS) &#8211; E&#8217; morto a Roma, all&#8217;et\u00e0 di 87 anni, l&#8217;attore Lando Buzzanca. Era ricoverato nell&#8217;Hospice del Gemelli Medical Center, societ\u00e0 benefit dell&#8217;Universit\u00e0 Cattolica, da circa due settimane. foto agenziafotogramma.it (ITALPRESS).<\/p>\n","protected":false},"author":18,"featured_media":134641,"comment_status":"closed","ping_status":"closed","sticky":false,"template":"","format":"standard","meta":{"ub_ctt_via":"","_mi_skip_tracking":false},"categories":[446,6],"tags":[783],"featured_image_src":"https:\/\/www.messinaoggi.it\/website\/wp-content\/uploads\/2022\/12\/20221218_0702.jpg","author_info":{"display_name":"Admin","author_link":"https:\/\/www.messinaoggi.it\/website\/author\/admin\/"},"digistream_id":0,"digistream":false,"_links":{"self":[{"href":"https:\/\/www.messinaoggi.it\/website\/wp-json\/wp\/v2\/posts\/134640"}],"collection":[{"href":"https:\/\/www.messinaoggi.it\/website\/wp-json\/wp\/v2\/posts"}],"about":[{"href":"https:\/\/www.messinaoggi.it\/website\/wp-json\/wp\/v2\/types\/post"}],"author":[{"embeddable":true,"href":"https:\/\/www.messinaoggi.it\/website\/wp-json\/wp\/v2\/users\/18"}],"replies":[{"embeddable":true,"href":"https:\/\/www.messinaoggi.it\/website\/wp-json\/wp\/v2\/comments?post=134640"}],"version-history":[{"count":1,"href":"https:\/\/www.messinaoggi.it\/website\/wp-json\/wp\/v2\/posts\/134640\/revisions"}],"predecessor-version":[{"id":134643,"href":"https:\/\/www.messinaoggi.it\/website\/wp-json\/wp\/v2\/posts\/134640\/revisions\/134643"}],"wp:featuredmedia":[{"embeddable":true,"href":"https:\/\/www.messinaoggi.it\/website\/wp-json\/wp\/v2\/media\/134641"}],"wp:attachment":[{"href":"https:\/\/www.messinaoggi.it\/website\/wp-json\/wp\/v2\/media?parent=134640"}],"wp:term":[{"taxonomy":"category","embeddable":true,"href":"https:\/\/www.messinaoggi.it\/website\/wp-json\/wp\/v2\/categories?post=134640"},{"taxonomy":"post_tag","embeddable":true,"href":"https:\/\/www.messinaoggi.it\/website\/wp-json\/wp\/v2\/tags?post=134640"}],"curies":[{"name":"wp","href":"https:\/\/api.w.org\/{rel}","templated":true}]}}